

{"id":1039,"date":"2026-03-16T08:13:23","date_gmt":"2026-03-16T07:13:23","guid":{"rendered":"https:\/\/www.vanner.pl\/pl\/?p=1039"},"modified":"2026-03-16T08:13:59","modified_gmt":"2026-03-16T07:13:59","slug":"outsourcing-kadr-i-plac-czy-warto","status":"publish","type":"post","link":"https:\/\/www.vanner.pl\/pl\/outsourcing-kadr-i-plac-czy-warto\/","title":{"rendered":"Outsourcing kadr i p\u0142ac czy warto? Przewodnik po optymalizacji proces\u00f3w"},"content":{"rendered":"\n<p>Profesjonalne prowadzenie kadr i p\u0142ac przez zewn\u0119trznego partnera to ju\u017c nie tylko wygoda, ale strategiczna decyzja biznesowa, kt\u00f3ra pozwala realnie odci\u0105\u017cy\u0107 dzia\u0142y HR i skupi\u0107 si\u0119 na rozwoju firmy. Wybieraj\u0105c outsourcing p\u0142ac, zyskujesz dost\u0119p do najnowszej wiedzy, eksperckie doradztwo kadrowo p\u0142acowe oraz gwarancj\u0119 pe\u0142nej zgodno\u015bci z przepisami, bez konieczno\u015bci inwestowania w drogie systemy czy szkolenia wewn\u0119trzne. W tym przewodniku przeanalizujemy aktualny <strong>koszt prowadzenia kadr i p\u0142ac<\/strong> oraz sprawdzimy, dlaczego coraz wi\u0119cej firm decyduje si\u0119 na <strong>outsourcing finansowy i ksi\u0119gowy<\/strong>, szukaj\u0105c oszcz\u0119dno\u015bci bez utraty jako\u015bci proces\u00f3w.<\/p>\n\n\n\n<div style=\"height:100px\" aria-hidden=\"true\" class=\"wp-block-spacer\"><\/div>\n\n\n\n<div class=\"wp-block-group is-vertical is-layout-flex wp-container-core-group-is-layout-8cf370e7 wp-block-group-is-layout-flex\">\n<h2 class=\"wp-block-heading\"><strong><strong><strong><strong><strong><strong><strong><strong><strong><strong>Dlaczego outsourcing kadr i p\u0142ac staje si\u0119 standardem w nowoczesnym biznesie?<\/strong><\/strong><\/strong><\/strong><\/strong><\/strong><\/strong><\/strong><\/strong><\/strong><\/h2>\n\n\n\n<p>W dobie nieustannych zmian w przepisach prawa pracy i rosn\u0105cej presji p\u0142acowej, coraz wi\u0119cej przedsi\u0119biorc\u00f3w zadaje sobie pytanie: <strong>czy warto zainwestowa\u0107 w outsourcing kadr i p\u0142ac<\/strong>? Odpowied\u017a kryje si\u0119 w efektywno\u015bci. Przekazanie obs\u0142ugi kadrowej zewn\u0119trznemu partnerowi pozwala firmom z sektor\u00f3w takich jak produkcja czy logistyka skupi\u0107 si\u0119 na ich kluczowej dzia\u0142alno\u015bci, zamiast ton\u0105\u0107 w &#8222;papierologii&#8221;. To strategiczne przesuni\u0119cie zasob\u00f3w sprawia, \u017ce agencje takie jak Vanner staj\u0105 si\u0119 realnym przed\u0142u\u017ceniem dzia\u0142\u00f3w operacyjnych naszych klient\u00f3w.<\/p>\n<\/div>\n\n\n\n<div style=\"height:32px\" aria-hidden=\"true\" class=\"wp-block-spacer\"><\/div>\n\n\n\n<h3 class=\"wp-block-heading\"><strong><strong><strong><strong><strong><strong><strong><strong><strong>Profesjonalne prowadzenie kadr i p\u0142ac a minimalizacja ryzyka prawnego<\/strong><\/strong><\/strong><\/strong><\/strong><\/strong><\/strong><\/strong><\/strong><\/h3>\n\n\n\n<p>B\u0142\u0119dy w dokumentacji kadrowej mog\u0105 kosztowa\u0107 firm\u0119 fortun\u0119 &#8211; nie tylko w postaci kar z PIP, ale tak\u017ce wizerunkowo. Prawid\u0142owe <strong>prowadzenie kadr i p\u0142ac<\/strong> wymaga dzi\u015b bieg\u0142o\u015bci w przepisach dotycz\u0105cych m.in. czasu pracy, urlop\u00f3w czy specyfiki zatrudniania cudzoziemc\u00f3w. Decyduj\u0105c si\u0119 na profesjonalny <a href=\"https:\/\/www.vanner.pl\/pl\/outsourcing-procesow\/\"><strong>outsourcing proces\u00f3w<\/strong><\/a>, zyskujesz gwarancj\u0119, \u017ce ka\u017cda umowa, teczka osobowa czy deklaracja s\u0105 sporz\u0105dzone z najwy\u017csz\u0105 staranno\u015bci\u0105, co eliminuje ryzyko prawne do minimum.<\/p>\n\n\n\n<div style=\"height:32px\" aria-hidden=\"true\" class=\"wp-block-spacer\"><\/div>\n\n\n\n<h3 class=\"wp-block-heading\"><strong><strong><strong><strong><strong><strong><strong><strong><strong><strong>Specjalistyczne doradztwo kadrowo p\u0142acowe: zyskaj dost\u0119p do wiedzy ekspert\u00f3w<\/strong><\/strong><\/strong><\/strong><\/strong><\/strong><\/strong><\/strong><\/strong><\/strong><\/h3>\n\n\n\n<p>Rynek pracy w 2026 roku stawia przed managerami wyzwania, kt\u00f3rych nie spos\u00f3b rozwi\u0105za\u0107 bez aktualnej wiedzy prawniczej. Wybieraj\u0105c wsp\u00f3\u0142prac\u0119 z Vanner, Twoja firma otrzymuje nie tylko systemowe rozliczanie list p\u0142ac, ale przede wszystkim merytoryczne <strong>doradztwo kadrowo p\u0142acowe<\/strong>. Nasi eksperci na bie\u017c\u0105co analizuj\u0105 zmiany w legislacji, pomagaj\u0105c Ci zoptymalizowa\u0107 koszty zatrudnienia i wdra\u017ca\u0107 najlepsze praktyki rynkowe. Je\u015bli Twoim problemem jest dodatkowo du\u017ca rotacja, nasze wsparcie w zakresie <a href=\"https:\/\/www.vanner.pl\/pl\/wynajem-pracownikow\/\"><strong>wynajmu pracownik\u00f3w tymczasowych<\/strong><\/a> pozwoli Ci zachowa\u0107 ci\u0105g\u0142o\u015b\u0107 pracy przy pe\u0142nym wsparciu administracyjnym.<\/p>\n\n\n\n<div style=\"height:32px\" aria-hidden=\"true\" class=\"wp-block-spacer\"><\/div>\n\n\n\n<h2 class=\"wp-block-heading\"><strong><strong><strong><strong><strong><strong><strong><strong><strong><strong><strong><strong>Analiza koszt\u00f3w: ile naprawd\u0119 kosztuje wewn\u0119trzny dzia\u0142 HR?<\/strong><\/strong><\/strong><\/strong><\/strong><\/strong><\/strong><\/strong><\/strong><\/strong><\/strong><\/strong><\/h2>\n\n\n\n<p>Wielu w\u0142a\u015bcicieli firm postrzega w\u0142asny dzia\u0142 kadr jako rozwi\u0105zanie &#8222;ta\u0144sze&#8221;, jednak rzadko bior\u0105 pod uwag\u0119 koszty ukryte: oprogramowanie, szkolenia, zast\u0119pstwa urlopowe czy koszty rekrutacji specjalist\u00f3w HR. Rzetelne por\u00f3wnanie wydatk\u00f3w cz\u0119sto pokazuje, \u017ce <strong>outsourcing p\u0142ac<\/strong> generuje realne oszcz\u0119dno\u015bci ju\u017c w pierwszym roku wdro\u017cenia.<\/p>\n\n\n\n<div style=\"height:32px\" aria-hidden=\"true\" class=\"wp-block-spacer\"><\/div>\n\n\n\n<h3 class=\"wp-block-heading\"><strong><strong><strong><strong><strong><strong><strong><strong><strong>Koszt prowadzenia kadr i p\u0142ac &#8211; cennik i ukryte wydatki administracyjne<\/strong><\/strong><\/strong><\/strong><\/strong><\/strong><\/strong><\/strong><\/strong><\/h3>\n\n\n\n<p>Analizuj\u0105c <strong>koszt prowadzenia kadr i p\u0142ac<\/strong>, warto zwr\u00f3ci\u0107 uwag\u0119 na model rozlicze\u0144. W outsourcingu p\u0142acisz zazwyczaj za efekt &#8211; czyli za liczb\u0119 rozliczonych pracownik\u00f3w lub przetworzonych dokument\u00f3w. Pozwala to na elastyczne skalowanie koszt\u00f3w w g\u00f3r\u0119 lub w d\u00f3\u0142, zale\u017cnie od sezonowo\u015bci Twojego biznesu. W Vanner stawiamy na transparentno\u015b\u0107, dzi\u0119ki czemu prezesi i dyrektorzy finansowi mog\u0105 precyzyjnie planowa\u0107 bud\u017cety, unikaj\u0105c niespodziewanych wydatk\u00f3w na infrastruktur\u0119 IT czy dodatkowe etaty biurowe.<\/p>\n\n\n\n<div style=\"height:32px\" aria-hidden=\"true\" class=\"wp-block-spacer\"><\/div>\n\n\n\n<h3 class=\"wp-block-heading\"><strong><strong><strong><strong><strong><strong><strong><strong><strong><strong>Outsourcing p\u0142ac vs. outsourcing finansowy i ksi\u0119gowy &#8211; jak to po\u0142\u0105czy\u0107?<\/strong><\/strong><\/strong><\/strong><\/strong><\/strong><\/strong><\/strong><\/strong><\/strong><\/h3>\n\n\n\n<p>Cz\u0119sto pojawia si\u0119 dylemat: czy rozdziela\u0107 te procesy? Cho\u0107 <strong>outsourcing finansowy<\/strong> i <strong>outsourcing ksi\u0119gowy<\/strong> skupiaj\u0105 si\u0119 na innych aspektach dzia\u0142alno\u015bci, to w punkcie styku z kadrami musz\u0105 by\u0107 idealnie zsynchronizowane. Integracja tych obszar\u00f3w pod okiem jednego partnera pozwala na szybszy przep\u0142yw informacji i eliminuje b\u0142\u0119dy na linii kadry-ksi\u0119gowo\u015b\u0107. Kompleksowa <a href=\"https:\/\/www.vanner.pl\/pl\/legalizacja-pracy-cudzoziemcow\/\"><strong>legalizacja pracy i pobytu<\/strong><\/a> prowadzona przez naszych specjalist\u00f3w to kolejny element tej uk\u0142adanki, kt\u00f3ry sprawia, \u017ce ca\u0142a administracja kadrowa w Twojej firmie dzia\u0142a jak dobrze naoliwiona maszyna.<\/p>\n\n\n\n<div class=\"wp-block-group is-vertical is-layout-flex wp-container-core-group-is-layout-8cf370e7 wp-block-group-is-layout-flex\">\n<div class=\"wp-block-group is-vertical is-layout-flex wp-container-core-group-is-layout-8cf370e7 wp-block-group-is-layout-flex\">\n<div style=\"height:0px\" aria-hidden=\"true\" class=\"wp-block-spacer wp-container-content-dee2fb34\"><\/div>\n\n\n\n<h2 class=\"wp-block-heading\"><strong><strong>Jak skutecznie zleci\u0107 prowadzenie kadr i p\u0142ac firmie zewn\u0119trznej?<\/strong><\/strong><\/h2>\n\n\n\n<p>Decyzja o delegowaniu proces\u00f3w administracyjnych na zewn\u0105trz to moment zwrotny dla ka\u017cdego przedsi\u0119biorstwa. Aby proces ten przebieg\u0142 bez zak\u0142\u00f3ce\u0144, kluczowe jest wybranie partnera, kt\u00f3ry rozumie specyfik\u0119 Twojej bran\u017cy. Skup si\u0119 na weryfikacji do\u015bwiadczenia agencji w obs\u0142udze du\u017cych wolumen\u00f3w pracownik\u00f3w oraz znajomo\u015bci przepis\u00f3w dotycz\u0105cych cudzoziemc\u00f3w.<\/p>\n\n\n\n<p>Skuteczne wdro\u017cenie outsourcingu opiera si\u0119 na trzech krokach:<\/p>\n\n\n\n<ol class=\"wp-block-list\">\n<li><strong>Audyt zerowy<\/strong> &#8211; rzetelne sprawdzenie aktualnego stanu dokumentacji.<\/li>\n\n\n\n<li><strong>Okre\u015blenie zakresu odpowiedzialno\u015bci<\/strong> &#8211; precyzyjne ustalenie, kt\u00f3re zadania przejmuje partner (np. listy p\u0142ac, ZUS, PFRON).<\/li>\n\n\n\n<li><strong>Wyb\u00f3r kana\u0142\u00f3w komunikacji<\/strong> &#8211; zapewnienie szybkiego przep\u0142ywu danych mi\u0119dzy Twoj\u0105 firm\u0105 a doradc\u0105.<\/li>\n<\/ol>\n\n\n\n<p>W Vanner dbamy o to, by ka\u017cda obs\u0142uga kadrowa by\u0142a szyta na miar\u0119. Nasz zesp\u00f3\u0142 nie tylko przejmuje obowi\u0105zki, ale staje si\u0119 Twoim wsparciem w sytuacjach kryzysowych, gwarantuj\u0105c spok\u00f3j dyrektorom operacyjnym i finansowym.<\/p>\n\n\n\n<div class=\"wp-block-group is-vertical is-layout-flex wp-container-core-group-is-layout-8cf370e7 wp-block-group-is-layout-flex\">\n<div class=\"wp-block-group is-vertical is-layout-flex wp-container-core-group-is-layout-8cf370e7 wp-block-group-is-layout-flex\">\n<div style=\"height:0px\" aria-hidden=\"true\" class=\"wp-block-spacer wp-container-content-dee2fb34\"><\/div>\n\n\n\n<h2 class=\"wp-block-heading\"><strong>Podsumowanie: Czy Twoja firma jest gotowa na zmiany?<\/strong><\/h2>\n\n\n\n<p>DW \u015bwiecie, gdzie prawo pracy zmienia si\u0119 dynamicznie, a koszty utrzymania wewn\u0119trznych specjalist\u00f3w stale rosn\u0105, profesjonalne wsparcie zewn\u0119trzne staje si\u0119 polis\u0105 bezpiecze\u0144stwa. Wybieraj\u0105c outsourcing proces\u00f3w w Vanner, inwestujesz w stabilno\u015b\u0107, technologi\u0119 i eksperck\u0105 wiedz\u0119, kt\u00f3re pozwol\u0105 Twojemu biznesowi wyprzedzi\u0107 konkurencj\u0119.<\/p>\n\n\n\n<p>Sprawd\u017a nas pod adresem: <a href=\"https:\/\/www.vanner.pl\/\"><strong>https:\/\/www.vanner.pl\/<\/strong><\/a><\/p>\n\n\n\n<div style=\"height:0px\" aria-hidden=\"true\" class=\"wp-block-spacer wp-container-content-dee2fb34\"><\/div>\n<\/div>\n<\/div>\n<\/div>\n<\/div>\n\n\n\n<h2 class=\"wp-block-heading\"><strong><strong>FAQ &#8211; Najcz\u0119\u015bciej zadawane pytania<\/strong><\/strong><\/h2>\n\n\n\n<div class=\"schema-faq wp-block-yoast-faq-block\"><div class=\"schema-faq-section\" id=\"faq-question-1768289316399\"><strong class=\"schema-faq-question\"><strong><strong>1.<strong>\u00a0<strong><strong><strong>Ile kosztuje outsourcing kadrowo-p\u0142acowy?<\/strong><\/strong><\/strong><\/strong><\/strong><\/strong><br><\/strong> <p class=\"schema-faq-answer\">Finalny <strong>koszt prowadzenia kadr i p\u0142ac <\/strong>zale\u017cy od liczby zatrudnionych os\u00f3b, stopnia skomplikowania struktury wynagrodze\u0144 oraz zakresu dodatkowych us\u0142ug, takich jak wsparcie w kontrolach urz\u0119dowych. Najcz\u0119\u015bciej stosuje si\u0119 model rozlicze\u0144 za ka\u017cd\u0105 &#8222;list\u0119 p\u0142ac&#8221; lub &#8222;teczk\u0119 osobow\u0105&#8221;, co pozwala firmie p\u0142aci\u0107 tylko za realnie wykonan\u0105 prac\u0119.<br><\/p> <\/div> <div class=\"schema-faq-section\" id=\"faq-question-1768289333355\"><strong class=\"schema-faq-question\"><strong><strong>2. Jakie s\u0105 wady outsourcingu?<\/strong><\/strong><br><\/strong> <p class=\"schema-faq-answer\">G\u0142\u00f3wn\u0105 obaw\u0105 przedsi\u0119biorc\u00f3w jest utrata bezpo\u015bredniej kontroli nad dokumentami fizycznymi oraz konieczno\u015b\u0107 udost\u0119pnienia wra\u017cliwych danych firmie zewn\u0119trznej. Dlatego tak wa\u017cne jest, aby wybra\u0107 partnera o ugruntowanej renomie, kt\u00f3ry gwarantuje najwy\u017csze standardy bezpiecze\u0144stwa danych (RODO) i oferuje przejrzyste narz\u0119dzia raportowe online.<br><\/p> <\/div> <div class=\"schema-faq-section\" id=\"faq-question-1768289345513\"><strong class=\"schema-faq-question\"><strong><strong>3. Czy outsourcing HR to dobry pomys\u0142?<\/strong><\/strong><br><\/strong> <p class=\"schema-faq-answer\">Tak, szczeg\u00f3lnie w firmach zatrudniaj\u0105cych powy\u017cej 50 os\u00f3b lub korzystaj\u0105cych z kadr z zagranicy. Przekazanie spraw technicznych na zewn\u0105trz pozwala wewn\u0119trznemu dzia\u0142owi HR skupi\u0107 si\u0119 na mi\u0119kkich aspektach zarz\u0105dzania, takich jak motywacja, szkolenia czy redukcja rotacji. W Vanner wspieramy te dzia\u0142ania, oferuj\u0105c prowadzenie pe\u0142nej dokumentacji i legalizacj\u0119 pobytu, co zdejmuje z Twojego zespo\u0142u najtrudniejsz\u0105 cz\u0119\u015b\u0107 pracy administracyjnej.<\/p> <\/div> <div class=\"schema-faq-section\" id=\"faq-question-1773645032142\"><strong class=\"schema-faq-question\">4. <strong>Dlaczego outsourcing si\u0119 op\u0142aca?<\/strong><br><\/strong> <p class=\"schema-faq-answer\">Outsourcing op\u0142aca si\u0119 przede wszystkim ze wzgl\u0119du na redukcj\u0119 koszt\u00f3w sta\u0142ych zwi\u0105zanych z etatami w biurze, zakupem drogiego oprogramowania kadrowego oraz ubezpieczeniem od b\u0142\u0119d\u00f3w. Dodatkowo, profesjonalne <strong>doradztwo kadrowo p\u0142acowe<\/strong> pozwala na optymalizacj\u0119 podatkow\u0105 i sk\u0142adkow\u0105, co cz\u0119sto generuje oszcz\u0119dno\u015bci przewy\u017cszaj\u0105ce koszt samej us\u0142ugi.<\/p> <\/div> <\/div>\n","protected":false},"excerpt":{"rendered":"<p>Profesjonalne prowadzenie kadr i p\u0142ac przez zewn\u0119trznego partnera to ju\u017c nie tylko wygoda, ale strategiczna decyzja biznesowa, kt\u00f3ra pozwala realnie odci\u0105\u017cy\u0107 dzia\u0142y HR i skupi\u0107 si\u0119 na rozwoju firmy. Wybieraj\u0105c [&hellip;]<\/p>\n","protected":false},"author":2,"featured_media":1040,"comment_status":"open","ping_status":"open","sticky":false,"template":"","format":"standard","meta":{"footnotes":""},"categories":[28],"tags":[],"class_list":["post-1039","post","type-post","status-publish","format-standard","has-post-thumbnail","hentry","category-rozwiazania-biznesowe"],"yoast_head":"<!-- This site is optimized with the Yoast SEO plugin v27.5 - https:\/\/yoast.com\/product\/yoast-seo-wordpress\/ -->\n<title>Outsourcing kadr i p\u0142ac czy warto? Sprawd\u017a korzy\u015bci!<\/title>\n<meta name=\"description\" content=\"Poznaj koszty prowadzenia kadr i p\u0142ac, sprawd\u017a cennik i zyskaj fachowe doradztwo kadrowo p\u0142acowe. Postaw na rozw\u00f3j swojej firmy z Vanner!\" \/>\n<meta name=\"robots\" content=\"index, follow, max-snippet:-1, max-image-preview:large, max-video-preview:-1\" \/>\n<link rel=\"canonical\" href=\"https:\/\/www.vanner.pl\/pl\/outsourcing-kadr-i-plac-czy-warto\/\" \/>\n<meta property=\"og:locale\" content=\"pl_PL\" \/>\n<meta property=\"og:type\" content=\"article\" \/>\n<meta property=\"og:title\" content=\"Outsourcing kadr i p\u0142ac czy warto? Sprawd\u017a korzy\u015bci!\" \/>\n<meta property=\"og:description\" content=\"Poznaj koszty prowadzenia kadr i p\u0142ac, sprawd\u017a cennik i zyskaj fachowe doradztwo kadrowo p\u0142acowe. Postaw na rozw\u00f3j swojej firmy z Vanner!\" \/>\n<meta property=\"og:url\" content=\"https:\/\/www.vanner.pl\/pl\/outsourcing-kadr-i-plac-czy-warto\/\" \/>\n<meta property=\"og:site_name\" content=\"Vanner | Agencja pracy tymczasowej\" \/>\n<meta property=\"article:published_time\" content=\"2026-03-16T07:13:23+00:00\" \/>\n<meta property=\"article:modified_time\" content=\"2026-03-16T07:13:59+00:00\" \/>\n<meta property=\"og:image\" content=\"https:\/\/www.vanner.pl\/pl\/wp-content\/uploads\/2026\/03\/Outsourcing-kadr-i-plac-przewodnik.webp\" \/>\n\t<meta property=\"og:image:width\" content=\"1536\" \/>\n\t<meta property=\"og:image:height\" content=\"1024\" \/>\n\t<meta property=\"og:image:type\" content=\"image\/webp\" \/>\n<meta name=\"author\" content=\"VanWorkNer\" \/>\n<meta name=\"twitter:card\" content=\"summary_large_image\" \/>\n<meta name=\"twitter:label1\" content=\"Napisane przez\" \/>\n\t<meta name=\"twitter:data1\" content=\"VanWorkNer\" \/>\n\t<meta name=\"twitter:label2\" content=\"Szacowany czas czytania\" \/>\n\t<meta name=\"twitter:data2\" content=\"6 minut\" \/>\n<script type=\"application\/ld+json\" class=\"yoast-schema-graph\">{\"@context\":\"https:\\\/\\\/schema.org\",\"@graph\":[{\"@type\":\"Article\",\"@id\":\"https:\\\/\\\/www.vanner.pl\\\/pl\\\/outsourcing-kadr-i-plac-czy-warto\\\/#article\",\"isPartOf\":{\"@id\":\"https:\\\/\\\/www.vanner.pl\\\/pl\\\/outsourcing-kadr-i-plac-czy-warto\\\/\"},\"author\":{\"name\":\"VanWorkNer\",\"@id\":\"https:\\\/\\\/www.vanner.pl\\\/pl\\\/#\\\/schema\\\/person\\\/db06204d1e779717a2e2c8fd9b62550f\"},\"headline\":\"Outsourcing kadr i p\u0142ac czy warto? Przewodnik po optymalizacji proces\u00f3w\",\"datePublished\":\"2026-03-16T07:13:23+00:00\",\"dateModified\":\"2026-03-16T07:13:59+00:00\",\"mainEntityOfPage\":{\"@id\":\"https:\\\/\\\/www.vanner.pl\\\/pl\\\/outsourcing-kadr-i-plac-czy-warto\\\/\"},\"wordCount\":1166,\"commentCount\":0,\"image\":{\"@id\":\"https:\\\/\\\/www.vanner.pl\\\/pl\\\/outsourcing-kadr-i-plac-czy-warto\\\/#primaryimage\"},\"thumbnailUrl\":\"https:\\\/\\\/www.vanner.pl\\\/pl\\\/wp-content\\\/uploads\\\/2026\\\/03\\\/Outsourcing-kadr-i-plac-przewodnik.webp\",\"articleSection\":[\"Rozwi\u0105zania biznesowe\"],\"inLanguage\":\"pl-PL\",\"potentialAction\":[{\"@type\":\"CommentAction\",\"name\":\"Comment\",\"target\":[\"https:\\\/\\\/www.vanner.pl\\\/pl\\\/outsourcing-kadr-i-plac-czy-warto\\\/#respond\"]}]},{\"@type\":[\"WebPage\",\"FAQPage\"],\"@id\":\"https:\\\/\\\/www.vanner.pl\\\/pl\\\/outsourcing-kadr-i-plac-czy-warto\\\/\",\"url\":\"https:\\\/\\\/www.vanner.pl\\\/pl\\\/outsourcing-kadr-i-plac-czy-warto\\\/\",\"name\":\"Outsourcing kadr i p\u0142ac czy warto? Sprawd\u017a korzy\u015bci!\",\"isPartOf\":{\"@id\":\"https:\\\/\\\/www.vanner.pl\\\/pl\\\/#website\"},\"primaryImageOfPage\":{\"@id\":\"https:\\\/\\\/www.vanner.pl\\\/pl\\\/outsourcing-kadr-i-plac-czy-warto\\\/#primaryimage\"},\"image\":{\"@id\":\"https:\\\/\\\/www.vanner.pl\\\/pl\\\/outsourcing-kadr-i-plac-czy-warto\\\/#primaryimage\"},\"thumbnailUrl\":\"https:\\\/\\\/www.vanner.pl\\\/pl\\\/wp-content\\\/uploads\\\/2026\\\/03\\\/Outsourcing-kadr-i-plac-przewodnik.webp\",\"datePublished\":\"2026-03-16T07:13:23+00:00\",\"dateModified\":\"2026-03-16T07:13:59+00:00\",\"author\":{\"@id\":\"https:\\\/\\\/www.vanner.pl\\\/pl\\\/#\\\/schema\\\/person\\\/db06204d1e779717a2e2c8fd9b62550f\"},\"description\":\"Poznaj koszty prowadzenia kadr i p\u0142ac, sprawd\u017a cennik i zyskaj fachowe doradztwo kadrowo p\u0142acowe. Postaw na rozw\u00f3j swojej firmy z Vanner!\",\"breadcrumb\":{\"@id\":\"https:\\\/\\\/www.vanner.pl\\\/pl\\\/outsourcing-kadr-i-plac-czy-warto\\\/#breadcrumb\"},\"mainEntity\":[{\"@id\":\"https:\\\/\\\/www.vanner.pl\\\/pl\\\/outsourcing-kadr-i-plac-czy-warto\\\/#faq-question-1768289316399\"},{\"@id\":\"https:\\\/\\\/www.vanner.pl\\\/pl\\\/outsourcing-kadr-i-plac-czy-warto\\\/#faq-question-1768289333355\"},{\"@id\":\"https:\\\/\\\/www.vanner.pl\\\/pl\\\/outsourcing-kadr-i-plac-czy-warto\\\/#faq-question-1768289345513\"},{\"@id\":\"https:\\\/\\\/www.vanner.pl\\\/pl\\\/outsourcing-kadr-i-plac-czy-warto\\\/#faq-question-1773645032142\"}],\"inLanguage\":\"pl-PL\",\"potentialAction\":[{\"@type\":\"ReadAction\",\"target\":[\"https:\\\/\\\/www.vanner.pl\\\/pl\\\/outsourcing-kadr-i-plac-czy-warto\\\/\"]}]},{\"@type\":\"ImageObject\",\"inLanguage\":\"pl-PL\",\"@id\":\"https:\\\/\\\/www.vanner.pl\\\/pl\\\/outsourcing-kadr-i-plac-czy-warto\\\/#primaryimage\",\"url\":\"https:\\\/\\\/www.vanner.pl\\\/pl\\\/wp-content\\\/uploads\\\/2026\\\/03\\\/Outsourcing-kadr-i-plac-przewodnik.webp\",\"contentUrl\":\"https:\\\/\\\/www.vanner.pl\\\/pl\\\/wp-content\\\/uploads\\\/2026\\\/03\\\/Outsourcing-kadr-i-plac-przewodnik.webp\",\"width\":1536,\"height\":1024,\"caption\":\"Tre\u015b\u0107 wiadomo\u015bci Gemini U\u015bmiechni\u0119ty zesp\u00f3\u0142 profesjonalist\u00f3w w biurze analizuje dokumenty finansowe\"},{\"@type\":\"BreadcrumbList\",\"@id\":\"https:\\\/\\\/www.vanner.pl\\\/pl\\\/outsourcing-kadr-i-plac-czy-warto\\\/#breadcrumb\",\"itemListElement\":[{\"@type\":\"ListItem\",\"position\":1,\"name\":\"Strona g\u0142\u00f3wna\",\"item\":\"https:\\\/\\\/www.vanner.pl\\\/pl\\\/\"},{\"@type\":\"ListItem\",\"position\":2,\"name\":\"Outsourcing kadr i p\u0142ac czy warto? Przewodnik po optymalizacji proces\u00f3w\"}]},{\"@type\":\"WebSite\",\"@id\":\"https:\\\/\\\/www.vanner.pl\\\/pl\\\/#website\",\"url\":\"https:\\\/\\\/www.vanner.pl\\\/pl\\\/\",\"name\":\"Vanner | Agencja pracy tymczasowej\",\"description\":\"Tw\u00f3j zaufany partner\",\"potentialAction\":[{\"@type\":\"SearchAction\",\"target\":{\"@type\":\"EntryPoint\",\"urlTemplate\":\"https:\\\/\\\/www.vanner.pl\\\/pl\\\/?s={search_term_string}\"},\"query-input\":{\"@type\":\"PropertyValueSpecification\",\"valueRequired\":true,\"valueName\":\"search_term_string\"}}],\"inLanguage\":\"pl-PL\"},{\"@type\":\"Person\",\"@id\":\"https:\\\/\\\/www.vanner.pl\\\/pl\\\/#\\\/schema\\\/person\\\/db06204d1e779717a2e2c8fd9b62550f\",\"name\":\"VanWorkNer\",\"image\":{\"@type\":\"ImageObject\",\"inLanguage\":\"pl-PL\",\"@id\":\"https:\\\/\\\/secure.gravatar.com\\\/avatar\\\/bcc80b69b5feffb7b106885ff0102309046dd905a3f17e57e3fa75e2a376a46f?s=96&d=mm&r=g\",\"url\":\"https:\\\/\\\/secure.gravatar.com\\\/avatar\\\/bcc80b69b5feffb7b106885ff0102309046dd905a3f17e57e3fa75e2a376a46f?s=96&d=mm&r=g\",\"contentUrl\":\"https:\\\/\\\/secure.gravatar.com\\\/avatar\\\/bcc80b69b5feffb7b106885ff0102309046dd905a3f17e57e3fa75e2a376a46f?s=96&d=mm&r=g\",\"caption\":\"VanWorkNer\"},\"url\":\"https:\\\/\\\/www.vanner.pl\\\/pl\\\/author\\\/vanworkner\\\/\"},{\"@type\":\"Question\",\"@id\":\"https:\\\/\\\/www.vanner.pl\\\/pl\\\/outsourcing-kadr-i-plac-czy-warto\\\/#faq-question-1768289316399\",\"position\":1,\"url\":\"https:\\\/\\\/www.vanner.pl\\\/pl\\\/outsourcing-kadr-i-plac-czy-warto\\\/#faq-question-1768289316399\",\"name\":\"1.\u00a0Ile kosztuje outsourcing kadrowo-p\u0142acowy?\",\"answerCount\":1,\"acceptedAnswer\":{\"@type\":\"Answer\",\"text\":\"Finalny <strong>koszt prowadzenia kadr i p\u0142ac <\\\/strong>zale\u017cy od liczby zatrudnionych os\u00f3b, stopnia skomplikowania struktury wynagrodze\u0144 oraz zakresu dodatkowych us\u0142ug, takich jak wsparcie w kontrolach urz\u0119dowych. Najcz\u0119\u015bciej stosuje si\u0119 model rozlicze\u0144 za ka\u017cd\u0105 \\\"list\u0119 p\u0142ac\\\" lub \\\"teczk\u0119 osobow\u0105\\\", co pozwala firmie p\u0142aci\u0107 tylko za realnie wykonan\u0105 prac\u0119.<br>\",\"inLanguage\":\"pl-PL\"},\"inLanguage\":\"pl-PL\"},{\"@type\":\"Question\",\"@id\":\"https:\\\/\\\/www.vanner.pl\\\/pl\\\/outsourcing-kadr-i-plac-czy-warto\\\/#faq-question-1768289333355\",\"position\":2,\"url\":\"https:\\\/\\\/www.vanner.pl\\\/pl\\\/outsourcing-kadr-i-plac-czy-warto\\\/#faq-question-1768289333355\",\"name\":\"2. Jakie s\u0105 wady outsourcingu?\",\"answerCount\":1,\"acceptedAnswer\":{\"@type\":\"Answer\",\"text\":\"G\u0142\u00f3wn\u0105 obaw\u0105 przedsi\u0119biorc\u00f3w jest utrata bezpo\u015bredniej kontroli nad dokumentami fizycznymi oraz konieczno\u015b\u0107 udost\u0119pnienia wra\u017cliwych danych firmie zewn\u0119trznej. Dlatego tak wa\u017cne jest, aby wybra\u0107 partnera o ugruntowanej renomie, kt\u00f3ry gwarantuje najwy\u017csze standardy bezpiecze\u0144stwa danych (RODO) i oferuje przejrzyste narz\u0119dzia raportowe online.<br>\",\"inLanguage\":\"pl-PL\"},\"inLanguage\":\"pl-PL\"},{\"@type\":\"Question\",\"@id\":\"https:\\\/\\\/www.vanner.pl\\\/pl\\\/outsourcing-kadr-i-plac-czy-warto\\\/#faq-question-1768289345513\",\"position\":3,\"url\":\"https:\\\/\\\/www.vanner.pl\\\/pl\\\/outsourcing-kadr-i-plac-czy-warto\\\/#faq-question-1768289345513\",\"name\":\"3. Czy outsourcing HR to dobry pomys\u0142?\",\"answerCount\":1,\"acceptedAnswer\":{\"@type\":\"Answer\",\"text\":\"Tak, szczeg\u00f3lnie w firmach zatrudniaj\u0105cych powy\u017cej 50 os\u00f3b lub korzystaj\u0105cych z kadr z zagranicy. Przekazanie spraw technicznych na zewn\u0105trz pozwala wewn\u0119trznemu dzia\u0142owi HR skupi\u0107 si\u0119 na mi\u0119kkich aspektach zarz\u0105dzania, takich jak motywacja, szkolenia czy redukcja rotacji. W Vanner wspieramy te dzia\u0142ania, oferuj\u0105c prowadzenie pe\u0142nej dokumentacji i legalizacj\u0119 pobytu, co zdejmuje z Twojego zespo\u0142u najtrudniejsz\u0105 cz\u0119\u015b\u0107 pracy administracyjnej.\",\"inLanguage\":\"pl-PL\"},\"inLanguage\":\"pl-PL\"},{\"@type\":\"Question\",\"@id\":\"https:\\\/\\\/www.vanner.pl\\\/pl\\\/outsourcing-kadr-i-plac-czy-warto\\\/#faq-question-1773645032142\",\"position\":4,\"url\":\"https:\\\/\\\/www.vanner.pl\\\/pl\\\/outsourcing-kadr-i-plac-czy-warto\\\/#faq-question-1773645032142\",\"name\":\"4. Dlaczego outsourcing si\u0119 op\u0142aca?\",\"answerCount\":1,\"acceptedAnswer\":{\"@type\":\"Answer\",\"text\":\"Outsourcing op\u0142aca si\u0119 przede wszystkim ze wzgl\u0119du na redukcj\u0119 koszt\u00f3w sta\u0142ych zwi\u0105zanych z etatami w biurze, zakupem drogiego oprogramowania kadrowego oraz ubezpieczeniem od b\u0142\u0119d\u00f3w. Dodatkowo, profesjonalne <strong>doradztwo kadrowo p\u0142acowe<\\\/strong> pozwala na optymalizacj\u0119 podatkow\u0105 i sk\u0142adkow\u0105, co cz\u0119sto generuje oszcz\u0119dno\u015bci przewy\u017cszaj\u0105ce koszt samej us\u0142ugi.\",\"inLanguage\":\"pl-PL\"},\"inLanguage\":\"pl-PL\"}]}<\/script>\n<!-- \/ Yoast SEO plugin. -->","yoast_head_json":{"title":"Outsourcing kadr i p\u0142ac czy warto? Sprawd\u017a korzy\u015bci!","description":"Poznaj koszty prowadzenia kadr i p\u0142ac, sprawd\u017a cennik i zyskaj fachowe doradztwo kadrowo p\u0142acowe. Postaw na rozw\u00f3j swojej firmy z Vanner!","robots":{"index":"index","follow":"follow","max-snippet":"max-snippet:-1","max-image-preview":"max-image-preview:large","max-video-preview":"max-video-preview:-1"},"canonical":"https:\/\/www.vanner.pl\/pl\/outsourcing-kadr-i-plac-czy-warto\/","og_locale":"pl_PL","og_type":"article","og_title":"Outsourcing kadr i p\u0142ac czy warto? Sprawd\u017a korzy\u015bci!","og_description":"Poznaj koszty prowadzenia kadr i p\u0142ac, sprawd\u017a cennik i zyskaj fachowe doradztwo kadrowo p\u0142acowe. Postaw na rozw\u00f3j swojej firmy z Vanner!","og_url":"https:\/\/www.vanner.pl\/pl\/outsourcing-kadr-i-plac-czy-warto\/","og_site_name":"Vanner | Agencja pracy tymczasowej","article_published_time":"2026-03-16T07:13:23+00:00","article_modified_time":"2026-03-16T07:13:59+00:00","og_image":[{"width":1536,"height":1024,"url":"https:\/\/www.vanner.pl\/pl\/wp-content\/uploads\/2026\/03\/Outsourcing-kadr-i-plac-przewodnik.webp","type":"image\/webp"}],"author":"VanWorkNer","twitter_card":"summary_large_image","twitter_misc":{"Napisane przez":"VanWorkNer","Szacowany czas czytania":"6 minut"},"schema":{"@context":"https:\/\/schema.org","@graph":[{"@type":"Article","@id":"https:\/\/www.vanner.pl\/pl\/outsourcing-kadr-i-plac-czy-warto\/#article","isPartOf":{"@id":"https:\/\/www.vanner.pl\/pl\/outsourcing-kadr-i-plac-czy-warto\/"},"author":{"name":"VanWorkNer","@id":"https:\/\/www.vanner.pl\/pl\/#\/schema\/person\/db06204d1e779717a2e2c8fd9b62550f"},"headline":"Outsourcing kadr i p\u0142ac czy warto? Przewodnik po optymalizacji proces\u00f3w","datePublished":"2026-03-16T07:13:23+00:00","dateModified":"2026-03-16T07:13:59+00:00","mainEntityOfPage":{"@id":"https:\/\/www.vanner.pl\/pl\/outsourcing-kadr-i-plac-czy-warto\/"},"wordCount":1166,"commentCount":0,"image":{"@id":"https:\/\/www.vanner.pl\/pl\/outsourcing-kadr-i-plac-czy-warto\/#primaryimage"},"thumbnailUrl":"https:\/\/www.vanner.pl\/pl\/wp-content\/uploads\/2026\/03\/Outsourcing-kadr-i-plac-przewodnik.webp","articleSection":["Rozwi\u0105zania biznesowe"],"inLanguage":"pl-PL","potentialAction":[{"@type":"CommentAction","name":"Comment","target":["https:\/\/www.vanner.pl\/pl\/outsourcing-kadr-i-plac-czy-warto\/#respond"]}]},{"@type":["WebPage","FAQPage"],"@id":"https:\/\/www.vanner.pl\/pl\/outsourcing-kadr-i-plac-czy-warto\/","url":"https:\/\/www.vanner.pl\/pl\/outsourcing-kadr-i-plac-czy-warto\/","name":"Outsourcing kadr i p\u0142ac czy warto? Sprawd\u017a korzy\u015bci!","isPartOf":{"@id":"https:\/\/www.vanner.pl\/pl\/#website"},"primaryImageOfPage":{"@id":"https:\/\/www.vanner.pl\/pl\/outsourcing-kadr-i-plac-czy-warto\/#primaryimage"},"image":{"@id":"https:\/\/www.vanner.pl\/pl\/outsourcing-kadr-i-plac-czy-warto\/#primaryimage"},"thumbnailUrl":"https:\/\/www.vanner.pl\/pl\/wp-content\/uploads\/2026\/03\/Outsourcing-kadr-i-plac-przewodnik.webp","datePublished":"2026-03-16T07:13:23+00:00","dateModified":"2026-03-16T07:13:59+00:00","author":{"@id":"https:\/\/www.vanner.pl\/pl\/#\/schema\/person\/db06204d1e779717a2e2c8fd9b62550f"},"description":"Poznaj koszty prowadzenia kadr i p\u0142ac, sprawd\u017a cennik i zyskaj fachowe doradztwo kadrowo p\u0142acowe. Postaw na rozw\u00f3j swojej firmy z Vanner!","breadcrumb":{"@id":"https:\/\/www.vanner.pl\/pl\/outsourcing-kadr-i-plac-czy-warto\/#breadcrumb"},"mainEntity":[{"@id":"https:\/\/www.vanner.pl\/pl\/outsourcing-kadr-i-plac-czy-warto\/#faq-question-1768289316399"},{"@id":"https:\/\/www.vanner.pl\/pl\/outsourcing-kadr-i-plac-czy-warto\/#faq-question-1768289333355"},{"@id":"https:\/\/www.vanner.pl\/pl\/outsourcing-kadr-i-plac-czy-warto\/#faq-question-1768289345513"},{"@id":"https:\/\/www.vanner.pl\/pl\/outsourcing-kadr-i-plac-czy-warto\/#faq-question-1773645032142"}],"inLanguage":"pl-PL","potentialAction":[{"@type":"ReadAction","target":["https:\/\/www.vanner.pl\/pl\/outsourcing-kadr-i-plac-czy-warto\/"]}]},{"@type":"ImageObject","inLanguage":"pl-PL","@id":"https:\/\/www.vanner.pl\/pl\/outsourcing-kadr-i-plac-czy-warto\/#primaryimage","url":"https:\/\/www.vanner.pl\/pl\/wp-content\/uploads\/2026\/03\/Outsourcing-kadr-i-plac-przewodnik.webp","contentUrl":"https:\/\/www.vanner.pl\/pl\/wp-content\/uploads\/2026\/03\/Outsourcing-kadr-i-plac-przewodnik.webp","width":1536,"height":1024,"caption":"Tre\u015b\u0107 wiadomo\u015bci Gemini U\u015bmiechni\u0119ty zesp\u00f3\u0142 profesjonalist\u00f3w w biurze analizuje dokumenty finansowe"},{"@type":"BreadcrumbList","@id":"https:\/\/www.vanner.pl\/pl\/outsourcing-kadr-i-plac-czy-warto\/#breadcrumb","itemListElement":[{"@type":"ListItem","position":1,"name":"Strona g\u0142\u00f3wna","item":"https:\/\/www.vanner.pl\/pl\/"},{"@type":"ListItem","position":2,"name":"Outsourcing kadr i p\u0142ac czy warto? Przewodnik po optymalizacji proces\u00f3w"}]},{"@type":"WebSite","@id":"https:\/\/www.vanner.pl\/pl\/#website","url":"https:\/\/www.vanner.pl\/pl\/","name":"Vanner | Agencja pracy tymczasowej","description":"Tw\u00f3j zaufany partner","potentialAction":[{"@type":"SearchAction","target":{"@type":"EntryPoint","urlTemplate":"https:\/\/www.vanner.pl\/pl\/?s={search_term_string}"},"query-input":{"@type":"PropertyValueSpecification","valueRequired":true,"valueName":"search_term_string"}}],"inLanguage":"pl-PL"},{"@type":"Person","@id":"https:\/\/www.vanner.pl\/pl\/#\/schema\/person\/db06204d1e779717a2e2c8fd9b62550f","name":"VanWorkNer","image":{"@type":"ImageObject","inLanguage":"pl-PL","@id":"https:\/\/secure.gravatar.com\/avatar\/bcc80b69b5feffb7b106885ff0102309046dd905a3f17e57e3fa75e2a376a46f?s=96&d=mm&r=g","url":"https:\/\/secure.gravatar.com\/avatar\/bcc80b69b5feffb7b106885ff0102309046dd905a3f17e57e3fa75e2a376a46f?s=96&d=mm&r=g","contentUrl":"https:\/\/secure.gravatar.com\/avatar\/bcc80b69b5feffb7b106885ff0102309046dd905a3f17e57e3fa75e2a376a46f?s=96&d=mm&r=g","caption":"VanWorkNer"},"url":"https:\/\/www.vanner.pl\/pl\/author\/vanworkner\/"},{"@type":"Question","@id":"https:\/\/www.vanner.pl\/pl\/outsourcing-kadr-i-plac-czy-warto\/#faq-question-1768289316399","position":1,"url":"https:\/\/www.vanner.pl\/pl\/outsourcing-kadr-i-plac-czy-warto\/#faq-question-1768289316399","name":"1.\u00a0Ile kosztuje outsourcing kadrowo-p\u0142acowy?","answerCount":1,"acceptedAnswer":{"@type":"Answer","text":"Finalny <strong>koszt prowadzenia kadr i p\u0142ac <\/strong>zale\u017cy od liczby zatrudnionych os\u00f3b, stopnia skomplikowania struktury wynagrodze\u0144 oraz zakresu dodatkowych us\u0142ug, takich jak wsparcie w kontrolach urz\u0119dowych. Najcz\u0119\u015bciej stosuje si\u0119 model rozlicze\u0144 za ka\u017cd\u0105 \"list\u0119 p\u0142ac\" lub \"teczk\u0119 osobow\u0105\", co pozwala firmie p\u0142aci\u0107 tylko za realnie wykonan\u0105 prac\u0119.<br>","inLanguage":"pl-PL"},"inLanguage":"pl-PL"},{"@type":"Question","@id":"https:\/\/www.vanner.pl\/pl\/outsourcing-kadr-i-plac-czy-warto\/#faq-question-1768289333355","position":2,"url":"https:\/\/www.vanner.pl\/pl\/outsourcing-kadr-i-plac-czy-warto\/#faq-question-1768289333355","name":"2. Jakie s\u0105 wady outsourcingu?","answerCount":1,"acceptedAnswer":{"@type":"Answer","text":"G\u0142\u00f3wn\u0105 obaw\u0105 przedsi\u0119biorc\u00f3w jest utrata bezpo\u015bredniej kontroli nad dokumentami fizycznymi oraz konieczno\u015b\u0107 udost\u0119pnienia wra\u017cliwych danych firmie zewn\u0119trznej. Dlatego tak wa\u017cne jest, aby wybra\u0107 partnera o ugruntowanej renomie, kt\u00f3ry gwarantuje najwy\u017csze standardy bezpiecze\u0144stwa danych (RODO) i oferuje przejrzyste narz\u0119dzia raportowe online.<br>","inLanguage":"pl-PL"},"inLanguage":"pl-PL"},{"@type":"Question","@id":"https:\/\/www.vanner.pl\/pl\/outsourcing-kadr-i-plac-czy-warto\/#faq-question-1768289345513","position":3,"url":"https:\/\/www.vanner.pl\/pl\/outsourcing-kadr-i-plac-czy-warto\/#faq-question-1768289345513","name":"3. Czy outsourcing HR to dobry pomys\u0142?","answerCount":1,"acceptedAnswer":{"@type":"Answer","text":"Tak, szczeg\u00f3lnie w firmach zatrudniaj\u0105cych powy\u017cej 50 os\u00f3b lub korzystaj\u0105cych z kadr z zagranicy. Przekazanie spraw technicznych na zewn\u0105trz pozwala wewn\u0119trznemu dzia\u0142owi HR skupi\u0107 si\u0119 na mi\u0119kkich aspektach zarz\u0105dzania, takich jak motywacja, szkolenia czy redukcja rotacji. W Vanner wspieramy te dzia\u0142ania, oferuj\u0105c prowadzenie pe\u0142nej dokumentacji i legalizacj\u0119 pobytu, co zdejmuje z Twojego zespo\u0142u najtrudniejsz\u0105 cz\u0119\u015b\u0107 pracy administracyjnej.","inLanguage":"pl-PL"},"inLanguage":"pl-PL"},{"@type":"Question","@id":"https:\/\/www.vanner.pl\/pl\/outsourcing-kadr-i-plac-czy-warto\/#faq-question-1773645032142","position":4,"url":"https:\/\/www.vanner.pl\/pl\/outsourcing-kadr-i-plac-czy-warto\/#faq-question-1773645032142","name":"4. Dlaczego outsourcing si\u0119 op\u0142aca?","answerCount":1,"acceptedAnswer":{"@type":"Answer","text":"Outsourcing op\u0142aca si\u0119 przede wszystkim ze wzgl\u0119du na redukcj\u0119 koszt\u00f3w sta\u0142ych zwi\u0105zanych z etatami w biurze, zakupem drogiego oprogramowania kadrowego oraz ubezpieczeniem od b\u0142\u0119d\u00f3w. Dodatkowo, profesjonalne <strong>doradztwo kadrowo p\u0142acowe<\/strong> pozwala na optymalizacj\u0119 podatkow\u0105 i sk\u0142adkow\u0105, co cz\u0119sto generuje oszcz\u0119dno\u015bci przewy\u017cszaj\u0105ce koszt samej us\u0142ugi.","inLanguage":"pl-PL"},"inLanguage":"pl-PL"}]}},"_links":{"self":[{"href":"https:\/\/www.vanner.pl\/pl\/wp-json\/wp\/v2\/posts\/1039","targetHints":{"allow":["GET"]}}],"collection":[{"href":"https:\/\/www.vanner.pl\/pl\/wp-json\/wp\/v2\/posts"}],"about":[{"href":"https:\/\/www.vanner.pl\/pl\/wp-json\/wp\/v2\/types\/post"}],"author":[{"embeddable":true,"href":"https:\/\/www.vanner.pl\/pl\/wp-json\/wp\/v2\/users\/2"}],"replies":[{"embeddable":true,"href":"https:\/\/www.vanner.pl\/pl\/wp-json\/wp\/v2\/comments?post=1039"}],"version-history":[{"count":2,"href":"https:\/\/www.vanner.pl\/pl\/wp-json\/wp\/v2\/posts\/1039\/revisions"}],"predecessor-version":[{"id":1042,"href":"https:\/\/www.vanner.pl\/pl\/wp-json\/wp\/v2\/posts\/1039\/revisions\/1042"}],"wp:featuredmedia":[{"embeddable":true,"href":"https:\/\/www.vanner.pl\/pl\/wp-json\/wp\/v2\/media\/1040"}],"wp:attachment":[{"href":"https:\/\/www.vanner.pl\/pl\/wp-json\/wp\/v2\/media?parent=1039"}],"wp:term":[{"taxonomy":"category","embeddable":true,"href":"https:\/\/www.vanner.pl\/pl\/wp-json\/wp\/v2\/categories?post=1039"},{"taxonomy":"post_tag","embeddable":true,"href":"https:\/\/www.vanner.pl\/pl\/wp-json\/wp\/v2\/tags?post=1039"}],"curies":[{"name":"wp","href":"https:\/\/api.w.org\/{rel}","templated":true}]}}