

{"id":994,"date":"2026-01-26T08:34:23","date_gmt":"2026-01-26T07:34:23","guid":{"rendered":"https:\/\/www.vanner.pl\/pl\/?p=994"},"modified":"2026-01-26T10:29:08","modified_gmt":"2026-01-26T09:29:08","slug":"zmiany-w-umowach-zlecenia-i-o-prace","status":"publish","type":"post","link":"https:\/\/www.vanner.pl\/pl\/zmiany-w-umowach-zlecenia-i-o-prace\/","title":{"rendered":"Zmiany w umowach zlecenia i o prac\u0119 2026: Poznaj nowe przepisy od stycznia!"},"content":{"rendered":"\n<p>Polski rynek pracy stoi u progu istotnych modyfikacji prawnych, kt\u00f3re wp\u0142yn\u0105 na codzienne funkcjonowanie tysi\u0119cy przedsi\u0119biorstw. Najwa\u017cniejsze <strong>zmiany w umowach zlecenia i o prac\u0119<\/strong> wymuszaj\u0105 na pracodawcach nie tylko aktualizacj\u0119 bud\u017cet\u00f3w, ale przede wszystkim weryfikacj\u0119 dotychczasowych form zatrudnienia. Najwi\u0119ksz\u0105 rewolucj\u0105 jest zapowiadana <strong>likwidacja zbieg\u00f3w tytu\u0142\u00f3w do ubezpiecze\u0144<\/strong>. Reforma ta zak\u0142ada, \u017ce ka\u017cda umowa zlecenie b\u0119dzie podlega\u0107 obowi\u0105zkowym sk\u0142adkom emerytalnym i rentowym, nawet je\u015bli zleceniobiorca posiada ju\u017c inny tytu\u0142 do ubezpiecze\u0144 (np. umow\u0119 o prac\u0119 lub inn\u0105 umow\u0119 zlecenie), kt\u00f3ry przekracza pr\u00f3g minimalnego wynagrodzenia. Dowiedz si\u0119, jaka <strong>stawka<\/strong> zacznie obowi\u0105zywa\u0107 i jak rzetelnie przygotowa\u0107 dokumentacj\u0119 kadrow\u0105, by unikn\u0105\u0107 ryzyka prawnego i zapewni\u0107 stabilno\u015b\u0107 swojemu zespo\u0142owi.<\/p>\n\n\n\n<div style=\"height:100px\" aria-hidden=\"true\" class=\"wp-block-spacer\"><\/div>\n\n\n\n<div class=\"wp-block-group is-vertical is-layout-flex wp-container-core-group-is-layout-8cf370e7 wp-block-group-is-layout-flex\">\n<h2 class=\"wp-block-heading\"><strong><strong>Nowe realia zatrudnienia od stycznia 2026 &#8211; co faktycznie si\u0119 zmienia?<\/strong><\/strong><\/h2>\n\n\n\n<p>Nadchodz\u0105ce miesi\u0105ce przynios\u0105 istotne modyfikacje w sposobie nawi\u0105zywania i rozliczania relacji zawodowych. Kluczowe <strong>zmiany w umowach zlecenia i o prac\u0119<\/strong> koncentruj\u0105 si\u0119 na zniwelowaniu r\u00f3\u017cnic w uprawnieniach socjalnych mi\u0119dzy obiema formami zatrudnienia. Przedsi\u0119biorcy musz\u0105 przygotowa\u0107 si\u0119 na nowe wytyczne, kt\u00f3re wejd\u0105 w \u017cycie ju\u017c <strong>od stycznia 2026<\/strong> roku. Zrozumienie tych proces\u00f3w jest niezb\u0119dne, aby zachowa\u0107 pe\u0142n\u0105 zgodno\u015b\u0107 z prawem i utrzyma\u0107 rentowno\u015b\u0107 biznesu w nowych warunkach rynkowych.<\/p>\n<\/div>\n\n\n\n<div style=\"height:32px\" aria-hidden=\"true\" class=\"wp-block-spacer\"><\/div>\n\n\n\n<h3 class=\"wp-block-heading\"><strong>Obowi\u0105zkowy ZUS od ka\u017cdej umowy zlecenia w 2026 roku i jego wp\u0142yw na koszty pracy<\/strong><\/h3>\n\n\n\n<p>Najwi\u0119ksz\u0105 rewolucj\u0105 dla bud\u017cet\u00f3w firm jest zapowiadana likwidacja tzw. <strong>zbieg\u00f3w tytu\u0142\u00f3w do ubezpiecze\u0144<\/strong>. Reforma ta zak\u0142ada, \u017ce ka\u017cda umowa cywilnoprawna b\u0119dzie podlega\u0107 obowi\u0105zkowym sk\u0142adkom na ubezpieczenia spo\u0142eczne, bez wzgl\u0119du na to, czy zleceniobiorca jest ju\u017c ubezpieczony z innego tytu\u0142u (np. pracy u innego pracodawcy).<\/p>\n\n\n\n<p>Dla wielu pracodawc\u00f3w oznacza to konieczno\u015b\u0107 rewizji strategii kadrowej. W sytuacjach, gdy wzrost koszt\u00f3w bezpo\u015brednich staje si\u0119 barier\u0105 rozwojow\u0105, skutecznym rozwi\u0105zaniem mo\u017ce okaza\u0107 si\u0119 profesjonalny <a href=\"https:\/\/www.vanner.pl\/pl\/outsourcing-procesow\/\"><strong>outsourcing proces\u00f3w<\/strong><\/a>, kt\u00f3ry pozwala zoptymalizowa\u0107 wydatki przy jednoczesnym zachowaniu ci\u0105g\u0142o\u015bci operacyjnej.<\/p>\n\n\n\n<div style=\"height:32px\" aria-hidden=\"true\" class=\"wp-block-spacer\"><\/div>\n\n\n\n<h3 class=\"wp-block-heading\"><strong>Nowa stawka godzinowa: ile na r\u0119k\u0119 otrzyma zleceniobiorca?<\/strong><\/h3>\n\n\n\n<p>Wraz z reform\u0105 systemu ubezpiecze\u0144, modyfikacji ulegnie r\u00f3wnie\u017c minimalna stawka godzinowa. Przedsi\u0119biorcy b\u0119d\u0105 musieli precyzyjnie przeliczy\u0107, ile na r\u0119k\u0119 otrzymaj\u0105 ich wsp\u00f3\u0142pracownicy po uwzgl\u0119dnieniu nowych obci\u0105\u017ce\u0144 &#8211; szczeg\u00f3lnie w przypadku os\u00f3b, kt\u00f3re do tej pory korzysta\u0142y ze <strong>zwolnienia ze sk\u0142adek emerytalno-rentowych.<\/strong><\/p>\n\n\n\n<p>Przejrzysto\u015b\u0107 w tym zakresie jest kluczowa dla utrzymania lojalno\u015bci zespo\u0142u. Je\u015bli Twoja firma potrzebuje elastyczno\u015bci w reagowaniu na te zmiany kosztowe, warto rozwa\u017cy\u0107 <a href=\"https:\/\/www.vanner.pl\/pl\/wynajem-pracownikow\/\"><strong>wynajem pracownik\u00f3w tymczasowych<\/strong><\/a>, co pozwala na szybkie uzupe\u0142nienie brak\u00f3w kadrowych bez konieczno\u015bci d\u0142ugofalowego wi\u0105zania si\u0119 sta\u0142ymi kosztami administracyjnymi.<\/p>\n\n\n\n<div style=\"height:32px\" aria-hidden=\"true\" class=\"wp-block-spacer\"><\/div>\n\n\n\n<div class=\"wp-block-group is-vertical is-layout-flex wp-container-core-group-is-layout-8cf370e7 wp-block-group-is-layout-flex\">\n<h2 class=\"wp-block-heading\"><strong><strong><strong>Reforma um\u00f3w cywilnoprawnych: urlop i sta\u017c pracy na nowych zasadach<\/strong><\/strong><\/strong><\/h2>\n\n\n\n<p>Kolejnym filarem zmian jest d\u0105\u017cenie do r\u00f3wnego traktowania r\u00f3\u017cnych form zatrudnienia w kontek\u015bcie uprawnie\u0144 pracowniczych. Celem jest zapewnienie wi\u0119kszego bezpiecze\u0144stwa osobom, kt\u00f3re dotychczas \u015bwiadczy\u0142y us\u0142ugi g\u0142\u00f3wnie na podstawie kontrakt\u00f3w cywilnoprawnych.<\/p>\n<\/div>\n\n\n\n<div style=\"height:32px\" aria-hidden=\"true\" class=\"wp-block-spacer\"><\/div>\n\n\n\n<h3 class=\"wp-block-heading\"><strong>Umowa zlecenie a sta\u017c pracy &#8211; jak rozumie\u0107 zaliczanie okres\u00f3w zatrudnienia wstecz?<\/strong><\/h3>\n\n\n\n<p>Kluczowym elementem nadchodz\u0105cej reformy jest zr\u00f3wnanie okres\u00f3w wykonywania um\u00f3w zlecenia z tradycyjnym etatem w kontek\u015bcie nabywania uprawnie\u0144 pracowniczych. Nowe przepisy wprowadzaj\u0105 mechanizm zaliczania poprzednich okres\u00f3w pracy na zleceniu do og\u00f3lnego sta\u017cu pracy, pod warunkiem, \u017ce od um\u00f3w tych <strong>odprowadzano sk\u0142adki na ubezpieczenia spo\u0142eczne<\/strong>. W praktyce oznacza to, \u017ce lata sp\u0119dzone na ozusowanym zleceniu zwi\u0119ksz\u0105 sta\u017c, od kt\u00f3rego zale\u017cy np. wymiar urlopu (20 lub 26 dni) po przej\u015bciu na umow\u0119 o prac\u0119.<\/p>\n\n\n\n<p>Dla pracownik\u00f3w to ogromna zmiana, kt\u00f3ra realnie wp\u0142ywa na d\u0142ugo\u015b\u0107 okresu wypowiedzenia czy prawo do nagr\u00f3d jubileuszowych. Z perspektywy dzia\u0142\u00f3w HR nowa rzeczywisto\u015b\u0107 wymaga skrupulatnej weryfikacji historii ubezpieczenia nowych cz\u0142onk\u00f3w zespo\u0142u, by precyzyjnie ustali\u0107 ich nabyte uprawnienia.<\/p>\n\n\n\n<div style=\"height:32px\" aria-hidden=\"true\" class=\"wp-block-spacer\"><\/div>\n\n\n\n<h3 class=\"wp-block-heading\"><strong><strong>Prawo do wypoczynku: czy umowa zlecenie w 2026 roku gwarantuje urlop?<\/strong><\/strong><\/h3>\n\n\n\n<p>Jednym z najcz\u0119\u015bciej pojawiaj\u0105cych si\u0119 pyta\u0144 w kontek\u015bcie reformy jest kwestia odpoczynku. Nowe przepisy d\u0105\u017c\u0105 do tego, aby osoby pracuj\u0105ce na podstawie um\u00f3w cywilnoprawnych zyska\u0142y prawo do p\u0142atnych przerw, <strong>analogicznych do urlop\u00f3w wypoczynkowych<\/strong>. Cho\u0107 technicznie wci\u0105\u017c nie b\u0119dziemy nazywa\u0107 tego &#8222;urlopem pracowniczym&#8221;, w bud\u017cetach projektowych pracodawca b\u0119dzie musia\u0142 zarezerwowa\u0107 \u015brodki na p\u0142atny czas wolny zleceniobiorcy.<\/p>\n\n\n\n<div style=\"height:32px\" aria-hidden=\"true\" class=\"wp-block-spacer\"><\/div>\n\n\n\n<div class=\"wp-block-group is-vertical is-layout-flex wp-container-core-group-is-layout-8cf370e7 wp-block-group-is-layout-flex\">\n<h2 class=\"wp-block-heading\"><strong><strong><strong>Bezpiecze\u0144stwo socjalne i przysz\u0142o\u015b\u0107: umowa zlecenie a emerytura w nowym systemie<\/strong><\/strong><\/strong><\/h2>\n\n\n\n<p>D\u0142ugofalowym celem zmian jest zapewnienie realnego bezpiecze\u0144stwa przysz\u0142ym seniorom. Do tej pory umowy zlecenie, <strong>dzi\u0119ki mechanizmom zbieg\u00f3w tytu\u0142\u00f3w do ubezpiecze\u0144<\/strong>, bywa\u0142y postrzegane jako kosztowo atrakcyjna alternatywa, co jednak w wielu przypadkach skutkowa\u0142o ni\u017cszymi prognozami przysz\u0142ych \u015bwiadcze\u0144. Po reformie zasada staje si\u0119 przejrzysta &#8211; ka\u017cda umowa, bez wzgl\u0119du na inne \u017ar\u00f3d\u0142a dochodu, buduje kapita\u0142 emerytalny ubezpieczonego. Z perspektywy biznesowej zmiana ta podnosi presti\u017c kontrakt\u00f3w cywilnoprawnych, czyni\u0105c je bardziej transparentnymi i bezpiecznymi dla wykonawc\u00f3w.<\/p>\n<\/div>\n\n\n\n<div style=\"height:32px\" aria-hidden=\"true\" class=\"wp-block-spacer\"><\/div>\n\n\n\n<div class=\"wp-block-group is-vertical is-layout-flex wp-container-core-group-is-layout-8cf370e7 wp-block-group-is-layout-flex\">\n<h2 class=\"wp-block-heading\"><strong><strong><strong>Jak przygotowa\u0107 firm\u0119 na nadchodz\u0105ce reformy kadrowe z Vanner?<\/strong><\/strong><\/strong><\/h2>\n\n\n\n<p>Adaptacja do nowych przepis\u00f3w wymaga czasu i precyzji, szczeg\u00f3lnie w obszarze <strong>weryfikacji sta\u017cu pracy zleceniobiorc\u00f3w oraz poprawnego naliczania sk\u0142adek po likwidacji zbieg\u00f3w<\/strong>. Aby unikn\u0105\u0107 ryzyka prawnego, warto ju\u017c teraz zweryfikowa\u0107 polityk\u0119 kadrow\u0105. Kluczem do sukcesu jest elastyczno\u015b\u0107 &#8211; zamiast obawia\u0107 si\u0119 wzrostu obci\u0105\u017ce\u0144, warto szuka\u0107 rozwi\u0105za\u0144, kt\u00f3re pozwol\u0105 zoptymalizowa\u0107 procesy.<\/p>\n\n\n\n<p>Nasze wieloletnie do\u015bwiadczenie pokazuje, \u017ce w okresach transformacji prawnej najlepiej sprawdza si\u0119 profesjonalny outsourcing proces\u00f3w. Pozwala on przenie\u015b\u0107 odpowiedzialno\u015b\u0107 za kwestie administracyjno-prawne na zewn\u0119trznego eksperta, co jest kluczowe przy nowych, bardziej skomplikowanych zasadach wyliczania sta\u017cu i \u015bwiadcze\u0144. Przygotujemy Twoj\u0105 dokumentacj\u0119, przeanalizujemy histori\u0119 ubezpiecze\u0144 Twojego zespo\u0142u i pomo\u017cemy wdro\u017cy\u0107 nowe zasady tak, by stycze\u0144 by\u0142 czasem rozwoju, a nie kadrowego chaosu.<\/p>\n\n\n\n<p>Sprawd\u017a nas pod adresem: <a href=\"https:\/\/www.vanner.pl\/\"><strong>https:\/\/www.vanner.pl\/<\/strong><\/a>&nbsp;<\/p>\n<\/div>\n\n\n\n<div style=\"height:70px\" aria-hidden=\"true\" class=\"wp-block-spacer\"><\/div>\n\n\n\n<h2 class=\"wp-block-heading\"><strong>FAQ &#8211; Najcz\u0119\u015bciej zadawane pytania o zmiany w prawie pracy<\/strong><\/h2>\n\n\n\n<div class=\"schema-faq wp-block-yoast-faq-block\"><div class=\"schema-faq-section\" id=\"faq-question-1768289316399\"><strong class=\"schema-faq-question\">1. <strong>Jakie zmiany w umowach zlecenia i o prac\u0119 obowi\u0105zuj\u0105 od 2026 roku?<\/strong>\u00a0<br\/><\/strong> <p class=\"schema-faq-answer\">Kluczowe modyfikacje obejmuj\u0105 przede wszystkim <strong>likwidacj\u0119 tzw. zbieg\u00f3w tytu\u0142\u00f3w do ubezpiecze\u0144<\/strong>, co oznacza obowi\u0105zek odprowadzania pe\u0142nych sk\u0142adek emerytalno-rentowych od ka\u017cdej umowy zlecenia, bez wzgl\u0119du na inne dochody zleceniobiorcy. Dodatkowo wprowadzane s\u0105 mechanizmy zaliczania okres\u00f3w pracy na ozusowanym zleceniu do og\u00f3lnego sta\u017cu pracy (wp\u0142ywaj\u0105cego np. na wymiar urlopu) oraz d\u0105\u017cenie do zagwarantowania zleceniobiorcom prawa do p\u0142atnego wypoczynku. Przepisy te maj\u0105 obowi\u0105zywa\u0107 od stycznia 2026 roku.<br\/><\/p> <\/div> <div class=\"schema-faq-section\" id=\"faq-question-1768289333355\"><strong class=\"schema-faq-question\">2. <strong>Gdzie znale\u017a\u0107 por\u00f3wnanie um\u00f3w zlecenia i o prac\u0119 po zmianach w 2026?<\/strong>\u00a0<br\/><\/strong> <p class=\"schema-faq-answer\">Najbardziej rzetelne informacje oraz szczeg\u00f3\u0142owe zestawienia kosztowe, uwzgl\u0119dniaj\u0105ce nowe zasady osk\u0142adkowania, znajdziesz w naszych raportach na blogu Vanner. Jako agencja specjalizuj\u0105ca si\u0119 w outsourcingu i wynajmie pracownik\u00f3w, analizujemy realny wp\u0142yw <strong>pe\u0142nego ozusowania zlece\u0144<\/strong> na rentowno\u015b\u0107 przedsi\u0119biorstw. Je\u015bli potrzebujesz indywidualnej kalkulacji koszt\u00f3w pracy po likwidacji zbieg\u00f3w tytu\u0142\u00f3w, zapraszamy do kontaktu z naszymi doradcami.<br\/><\/p> <\/div> <div class=\"schema-faq-section\" id=\"faq-question-1768289345513\"><strong class=\"schema-faq-question\">3. <strong>Jakie s\u0105 korzy\u015bci dla pracodawcy wynikaj\u0105ce ze zmian w umowach o prac\u0119 i zlecenie w 2026?<\/strong>\u00a0<br\/><\/strong> <p class=\"schema-faq-answer\">Cho\u0107 reforma eliminuje mo\u017cliwo\u015b\u0107 optymalizacji koszt\u00f3w poprzez zbiegi tytu\u0142\u00f3w, d\u0142ugofalowo przynosi firmom wi\u0119ksz\u0105 stabilno\u015b\u0107 kadrow\u0105. Ujednolicenie zasad sta\u017cu pracy i sk\u0142adek sprawia, \u017ce rynek staje si\u0119 bardziej przejrzysty, co u\u0142atwia uczciw\u0105 konkurencj\u0119 o talenty. Dodatkowo, przekazanie obs\u0142ugi tych skomplikowanych zmian firmie zewn\u0119trznej w ramach outsourcingu proces\u00f3w, daje pracodawcy gwarancj\u0119 bezpiecze\u0144stwa prawnego i poprawno\u015bci rozlicze\u0144 z ZUS.<\/p> <\/div> <\/div>\n","protected":false},"excerpt":{"rendered":"<p>Polski rynek pracy stoi u progu istotnych modyfikacji prawnych, kt\u00f3re wp\u0142yn\u0105 na codzienne funkcjonowanie tysi\u0119cy przedsi\u0119biorstw. Najwa\u017cniejsze zmiany w umowach zlecenia i o prac\u0119 wymuszaj\u0105 na pracodawcach nie tylko aktualizacj\u0119 [&hellip;]<\/p>\n","protected":false},"author":2,"featured_media":963,"comment_status":"open","ping_status":"open","sticky":false,"template":"","format":"standard","meta":{"footnotes":""},"categories":[24],"tags":[],"class_list":["post-994","post","type-post","status-publish","format-standard","has-post-thumbnail","hentry","category-rynek-pracy-i-dokumenty"],"yoast_head":"<!-- This site is optimized with the Yoast SEO plugin v27.5 - https:\/\/yoast.com\/product\/yoast-seo-wordpress\/ -->\n<title>Zmiany w umowach zlecenia i o prac\u0119 2026! Zobacz, co si\u0119 zmieni<\/title>\n<meta name=\"description\" content=\"Nadchodz\u0105 wa\u017cne zmiany w przepisach kadrowych. Sprawd\u017a nowe zasady zlece\u0144, wymiar urlopu oraz aktualne stawki. B\u0105d\u017a gotowy na nowe realia!\" \/>\n<meta name=\"robots\" content=\"index, follow, max-snippet:-1, max-image-preview:large, max-video-preview:-1\" \/>\n<link rel=\"canonical\" href=\"https:\/\/www.vanner.pl\/pl\/zmiany-w-umowach-zlecenia-i-o-prace\/\" \/>\n<meta property=\"og:locale\" content=\"pl_PL\" \/>\n<meta property=\"og:type\" content=\"article\" \/>\n<meta property=\"og:title\" content=\"Zmiany w umowach zlecenia i o prac\u0119 2026! Zobacz, co si\u0119 zmieni\" \/>\n<meta property=\"og:description\" content=\"Nadchodz\u0105 wa\u017cne zmiany w przepisach kadrowych. Sprawd\u017a nowe zasady zlece\u0144, wymiar urlopu oraz aktualne stawki. B\u0105d\u017a gotowy na nowe realia!\" \/>\n<meta property=\"og:url\" content=\"https:\/\/www.vanner.pl\/pl\/zmiany-w-umowach-zlecenia-i-o-prace\/\" \/>\n<meta property=\"og:site_name\" content=\"Vanner | Agencja pracy tymczasowej\" \/>\n<meta property=\"article:published_time\" content=\"2026-01-26T07:34:23+00:00\" \/>\n<meta property=\"article:modified_time\" content=\"2026-01-26T09:29:08+00:00\" \/>\n<meta property=\"og:image\" content=\"https:\/\/www.vanner.pl\/pl\/wp-content\/uploads\/2026\/01\/Zmiany-w-umowach-zlecenie-i-o-prace-2026.webp\" \/>\n\t<meta property=\"og:image:width\" content=\"1174\" \/>\n\t<meta property=\"og:image:height\" content=\"758\" \/>\n\t<meta property=\"og:image:type\" content=\"image\/webp\" \/>\n<meta name=\"author\" content=\"VanWorkNer\" \/>\n<meta name=\"twitter:card\" content=\"summary_large_image\" \/>\n<meta name=\"twitter:label1\" content=\"Napisane przez\" \/>\n\t<meta name=\"twitter:data1\" content=\"VanWorkNer\" \/>\n\t<meta name=\"twitter:label2\" content=\"Szacowany czas czytania\" \/>\n\t<meta name=\"twitter:data2\" content=\"7 minut\" \/>\n<script type=\"application\/ld+json\" class=\"yoast-schema-graph\">{\"@context\":\"https:\\\/\\\/schema.org\",\"@graph\":[{\"@type\":\"Article\",\"@id\":\"https:\\\/\\\/www.vanner.pl\\\/pl\\\/zmiany-w-umowach-zlecenia-i-o-prace\\\/#article\",\"isPartOf\":{\"@id\":\"https:\\\/\\\/www.vanner.pl\\\/pl\\\/zmiany-w-umowach-zlecenia-i-o-prace\\\/\"},\"author\":{\"name\":\"VanWorkNer\",\"@id\":\"https:\\\/\\\/www.vanner.pl\\\/pl\\\/#\\\/schema\\\/person\\\/db06204d1e779717a2e2c8fd9b62550f\"},\"headline\":\"Zmiany w umowach zlecenia i o prac\u0119 2026: Poznaj nowe przepisy od stycznia!\",\"datePublished\":\"2026-01-26T07:34:23+00:00\",\"dateModified\":\"2026-01-26T09:29:08+00:00\",\"mainEntityOfPage\":{\"@id\":\"https:\\\/\\\/www.vanner.pl\\\/pl\\\/zmiany-w-umowach-zlecenia-i-o-prace\\\/\"},\"wordCount\":1242,\"commentCount\":0,\"image\":{\"@id\":\"https:\\\/\\\/www.vanner.pl\\\/pl\\\/zmiany-w-umowach-zlecenia-i-o-prace\\\/#primaryimage\"},\"thumbnailUrl\":\"https:\\\/\\\/www.vanner.pl\\\/pl\\\/wp-content\\\/uploads\\\/2026\\\/01\\\/Zmiany-w-umowach-zlecenie-i-o-prace-2026.webp\",\"articleSection\":[\"Rynek pracy i dokumenty\"],\"inLanguage\":\"pl-PL\",\"potentialAction\":[{\"@type\":\"CommentAction\",\"name\":\"Comment\",\"target\":[\"https:\\\/\\\/www.vanner.pl\\\/pl\\\/zmiany-w-umowach-zlecenia-i-o-prace\\\/#respond\"]}]},{\"@type\":[\"WebPage\",\"FAQPage\"],\"@id\":\"https:\\\/\\\/www.vanner.pl\\\/pl\\\/zmiany-w-umowach-zlecenia-i-o-prace\\\/\",\"url\":\"https:\\\/\\\/www.vanner.pl\\\/pl\\\/zmiany-w-umowach-zlecenia-i-o-prace\\\/\",\"name\":\"Zmiany w umowach zlecenia i o prac\u0119 2026! Zobacz, co si\u0119 zmieni\",\"isPartOf\":{\"@id\":\"https:\\\/\\\/www.vanner.pl\\\/pl\\\/#website\"},\"primaryImageOfPage\":{\"@id\":\"https:\\\/\\\/www.vanner.pl\\\/pl\\\/zmiany-w-umowach-zlecenia-i-o-prace\\\/#primaryimage\"},\"image\":{\"@id\":\"https:\\\/\\\/www.vanner.pl\\\/pl\\\/zmiany-w-umowach-zlecenia-i-o-prace\\\/#primaryimage\"},\"thumbnailUrl\":\"https:\\\/\\\/www.vanner.pl\\\/pl\\\/wp-content\\\/uploads\\\/2026\\\/01\\\/Zmiany-w-umowach-zlecenie-i-o-prace-2026.webp\",\"datePublished\":\"2026-01-26T07:34:23+00:00\",\"dateModified\":\"2026-01-26T09:29:08+00:00\",\"author\":{\"@id\":\"https:\\\/\\\/www.vanner.pl\\\/pl\\\/#\\\/schema\\\/person\\\/db06204d1e779717a2e2c8fd9b62550f\"},\"description\":\"Nadchodz\u0105 wa\u017cne zmiany w przepisach kadrowych. Sprawd\u017a nowe zasady zlece\u0144, wymiar urlopu oraz aktualne stawki. B\u0105d\u017a gotowy na nowe realia!\",\"breadcrumb\":{\"@id\":\"https:\\\/\\\/www.vanner.pl\\\/pl\\\/zmiany-w-umowach-zlecenia-i-o-prace\\\/#breadcrumb\"},\"mainEntity\":[{\"@id\":\"https:\\\/\\\/www.vanner.pl\\\/pl\\\/zmiany-w-umowach-zlecenia-i-o-prace\\\/#faq-question-1768289316399\"},{\"@id\":\"https:\\\/\\\/www.vanner.pl\\\/pl\\\/zmiany-w-umowach-zlecenia-i-o-prace\\\/#faq-question-1768289333355\"},{\"@id\":\"https:\\\/\\\/www.vanner.pl\\\/pl\\\/zmiany-w-umowach-zlecenia-i-o-prace\\\/#faq-question-1768289345513\"}],\"inLanguage\":\"pl-PL\",\"potentialAction\":[{\"@type\":\"ReadAction\",\"target\":[\"https:\\\/\\\/www.vanner.pl\\\/pl\\\/zmiany-w-umowach-zlecenia-i-o-prace\\\/\"]}]},{\"@type\":\"ImageObject\",\"inLanguage\":\"pl-PL\",\"@id\":\"https:\\\/\\\/www.vanner.pl\\\/pl\\\/zmiany-w-umowach-zlecenia-i-o-prace\\\/#primaryimage\",\"url\":\"https:\\\/\\\/www.vanner.pl\\\/pl\\\/wp-content\\\/uploads\\\/2026\\\/01\\\/Zmiany-w-umowach-zlecenie-i-o-prace-2026.webp\",\"contentUrl\":\"https:\\\/\\\/www.vanner.pl\\\/pl\\\/wp-content\\\/uploads\\\/2026\\\/01\\\/Zmiany-w-umowach-zlecenie-i-o-prace-2026.webp\",\"width\":1174,\"height\":758,\"caption\":\"Osoba podpisuj\u0105ca dokument pi\u00f3rem wiecznym na drewnianym biurku, obok le\u017c\u0105 okulary i fili\u017canka kawy.\"},{\"@type\":\"BreadcrumbList\",\"@id\":\"https:\\\/\\\/www.vanner.pl\\\/pl\\\/zmiany-w-umowach-zlecenia-i-o-prace\\\/#breadcrumb\",\"itemListElement\":[{\"@type\":\"ListItem\",\"position\":1,\"name\":\"Strona g\u0142\u00f3wna\",\"item\":\"https:\\\/\\\/www.vanner.pl\\\/pl\\\/\"},{\"@type\":\"ListItem\",\"position\":2,\"name\":\"Zmiany w umowach zlecenia i o prac\u0119 2026: Poznaj nowe przepisy od stycznia!\"}]},{\"@type\":\"WebSite\",\"@id\":\"https:\\\/\\\/www.vanner.pl\\\/pl\\\/#website\",\"url\":\"https:\\\/\\\/www.vanner.pl\\\/pl\\\/\",\"name\":\"Vanner | Agencja pracy tymczasowej\",\"description\":\"Tw\u00f3j zaufany partner\",\"potentialAction\":[{\"@type\":\"SearchAction\",\"target\":{\"@type\":\"EntryPoint\",\"urlTemplate\":\"https:\\\/\\\/www.vanner.pl\\\/pl\\\/?s={search_term_string}\"},\"query-input\":{\"@type\":\"PropertyValueSpecification\",\"valueRequired\":true,\"valueName\":\"search_term_string\"}}],\"inLanguage\":\"pl-PL\"},{\"@type\":\"Person\",\"@id\":\"https:\\\/\\\/www.vanner.pl\\\/pl\\\/#\\\/schema\\\/person\\\/db06204d1e779717a2e2c8fd9b62550f\",\"name\":\"VanWorkNer\",\"image\":{\"@type\":\"ImageObject\",\"inLanguage\":\"pl-PL\",\"@id\":\"https:\\\/\\\/secure.gravatar.com\\\/avatar\\\/bcc80b69b5feffb7b106885ff0102309046dd905a3f17e57e3fa75e2a376a46f?s=96&d=mm&r=g\",\"url\":\"https:\\\/\\\/secure.gravatar.com\\\/avatar\\\/bcc80b69b5feffb7b106885ff0102309046dd905a3f17e57e3fa75e2a376a46f?s=96&d=mm&r=g\",\"contentUrl\":\"https:\\\/\\\/secure.gravatar.com\\\/avatar\\\/bcc80b69b5feffb7b106885ff0102309046dd905a3f17e57e3fa75e2a376a46f?s=96&d=mm&r=g\",\"caption\":\"VanWorkNer\"},\"url\":\"https:\\\/\\\/www.vanner.pl\\\/pl\\\/author\\\/vanworkner\\\/\"},{\"@type\":\"Question\",\"@id\":\"https:\\\/\\\/www.vanner.pl\\\/pl\\\/zmiany-w-umowach-zlecenia-i-o-prace\\\/#faq-question-1768289316399\",\"position\":1,\"url\":\"https:\\\/\\\/www.vanner.pl\\\/pl\\\/zmiany-w-umowach-zlecenia-i-o-prace\\\/#faq-question-1768289316399\",\"name\":\"1. Jakie zmiany w umowach zlecenia i o prac\u0119 obowi\u0105zuj\u0105 od 2026 roku?\u00a0\",\"answerCount\":1,\"acceptedAnswer\":{\"@type\":\"Answer\",\"text\":\"Kluczowe modyfikacje obejmuj\u0105 przede wszystkim <strong>likwidacj\u0119 tzw. zbieg\u00f3w tytu\u0142\u00f3w do ubezpiecze\u0144<\\\/strong>, co oznacza obowi\u0105zek odprowadzania pe\u0142nych sk\u0142adek emerytalno-rentowych od ka\u017cdej umowy zlecenia, bez wzgl\u0119du na inne dochody zleceniobiorcy. Dodatkowo wprowadzane s\u0105 mechanizmy zaliczania okres\u00f3w pracy na ozusowanym zleceniu do og\u00f3lnego sta\u017cu pracy (wp\u0142ywaj\u0105cego np. na wymiar urlopu) oraz d\u0105\u017cenie do zagwarantowania zleceniobiorcom prawa do p\u0142atnego wypoczynku. Przepisy te maj\u0105 obowi\u0105zywa\u0107 od stycznia 2026 roku.<br\\\/>\",\"inLanguage\":\"pl-PL\"},\"inLanguage\":\"pl-PL\"},{\"@type\":\"Question\",\"@id\":\"https:\\\/\\\/www.vanner.pl\\\/pl\\\/zmiany-w-umowach-zlecenia-i-o-prace\\\/#faq-question-1768289333355\",\"position\":2,\"url\":\"https:\\\/\\\/www.vanner.pl\\\/pl\\\/zmiany-w-umowach-zlecenia-i-o-prace\\\/#faq-question-1768289333355\",\"name\":\"2. Gdzie znale\u017a\u0107 por\u00f3wnanie um\u00f3w zlecenia i o prac\u0119 po zmianach w 2026?\u00a0\",\"answerCount\":1,\"acceptedAnswer\":{\"@type\":\"Answer\",\"text\":\"Najbardziej rzetelne informacje oraz szczeg\u00f3\u0142owe zestawienia kosztowe, uwzgl\u0119dniaj\u0105ce nowe zasady osk\u0142adkowania, znajdziesz w naszych raportach na blogu Vanner. Jako agencja specjalizuj\u0105ca si\u0119 w outsourcingu i wynajmie pracownik\u00f3w, analizujemy realny wp\u0142yw <strong>pe\u0142nego ozusowania zlece\u0144<\\\/strong> na rentowno\u015b\u0107 przedsi\u0119biorstw. Je\u015bli potrzebujesz indywidualnej kalkulacji koszt\u00f3w pracy po likwidacji zbieg\u00f3w tytu\u0142\u00f3w, zapraszamy do kontaktu z naszymi doradcami.<br\\\/>\",\"inLanguage\":\"pl-PL\"},\"inLanguage\":\"pl-PL\"},{\"@type\":\"Question\",\"@id\":\"https:\\\/\\\/www.vanner.pl\\\/pl\\\/zmiany-w-umowach-zlecenia-i-o-prace\\\/#faq-question-1768289345513\",\"position\":3,\"url\":\"https:\\\/\\\/www.vanner.pl\\\/pl\\\/zmiany-w-umowach-zlecenia-i-o-prace\\\/#faq-question-1768289345513\",\"name\":\"3. Jakie s\u0105 korzy\u015bci dla pracodawcy wynikaj\u0105ce ze zmian w umowach o prac\u0119 i zlecenie w 2026?\u00a0\",\"answerCount\":1,\"acceptedAnswer\":{\"@type\":\"Answer\",\"text\":\"Cho\u0107 reforma eliminuje mo\u017cliwo\u015b\u0107 optymalizacji koszt\u00f3w poprzez zbiegi tytu\u0142\u00f3w, d\u0142ugofalowo przynosi firmom wi\u0119ksz\u0105 stabilno\u015b\u0107 kadrow\u0105. Ujednolicenie zasad sta\u017cu pracy i sk\u0142adek sprawia, \u017ce rynek staje si\u0119 bardziej przejrzysty, co u\u0142atwia uczciw\u0105 konkurencj\u0119 o talenty. Dodatkowo, przekazanie obs\u0142ugi tych skomplikowanych zmian firmie zewn\u0119trznej w ramach outsourcingu proces\u00f3w, daje pracodawcy gwarancj\u0119 bezpiecze\u0144stwa prawnego i poprawno\u015bci rozlicze\u0144 z ZUS.\",\"inLanguage\":\"pl-PL\"},\"inLanguage\":\"pl-PL\"}]}<\/script>\n<!-- \/ Yoast SEO plugin. -->","yoast_head_json":{"title":"Zmiany w umowach zlecenia i o prac\u0119 2026! Zobacz, co si\u0119 zmieni","description":"Nadchodz\u0105 wa\u017cne zmiany w przepisach kadrowych. Sprawd\u017a nowe zasady zlece\u0144, wymiar urlopu oraz aktualne stawki. B\u0105d\u017a gotowy na nowe realia!","robots":{"index":"index","follow":"follow","max-snippet":"max-snippet:-1","max-image-preview":"max-image-preview:large","max-video-preview":"max-video-preview:-1"},"canonical":"https:\/\/www.vanner.pl\/pl\/zmiany-w-umowach-zlecenia-i-o-prace\/","og_locale":"pl_PL","og_type":"article","og_title":"Zmiany w umowach zlecenia i o prac\u0119 2026! Zobacz, co si\u0119 zmieni","og_description":"Nadchodz\u0105 wa\u017cne zmiany w przepisach kadrowych. Sprawd\u017a nowe zasady zlece\u0144, wymiar urlopu oraz aktualne stawki. B\u0105d\u017a gotowy na nowe realia!","og_url":"https:\/\/www.vanner.pl\/pl\/zmiany-w-umowach-zlecenia-i-o-prace\/","og_site_name":"Vanner | Agencja pracy tymczasowej","article_published_time":"2026-01-26T07:34:23+00:00","article_modified_time":"2026-01-26T09:29:08+00:00","og_image":[{"width":1174,"height":758,"url":"https:\/\/www.vanner.pl\/pl\/wp-content\/uploads\/2026\/01\/Zmiany-w-umowach-zlecenie-i-o-prace-2026.webp","type":"image\/webp"}],"author":"VanWorkNer","twitter_card":"summary_large_image","twitter_misc":{"Napisane przez":"VanWorkNer","Szacowany czas czytania":"7 minut"},"schema":{"@context":"https:\/\/schema.org","@graph":[{"@type":"Article","@id":"https:\/\/www.vanner.pl\/pl\/zmiany-w-umowach-zlecenia-i-o-prace\/#article","isPartOf":{"@id":"https:\/\/www.vanner.pl\/pl\/zmiany-w-umowach-zlecenia-i-o-prace\/"},"author":{"name":"VanWorkNer","@id":"https:\/\/www.vanner.pl\/pl\/#\/schema\/person\/db06204d1e779717a2e2c8fd9b62550f"},"headline":"Zmiany w umowach zlecenia i o prac\u0119 2026: Poznaj nowe przepisy od stycznia!","datePublished":"2026-01-26T07:34:23+00:00","dateModified":"2026-01-26T09:29:08+00:00","mainEntityOfPage":{"@id":"https:\/\/www.vanner.pl\/pl\/zmiany-w-umowach-zlecenia-i-o-prace\/"},"wordCount":1242,"commentCount":0,"image":{"@id":"https:\/\/www.vanner.pl\/pl\/zmiany-w-umowach-zlecenia-i-o-prace\/#primaryimage"},"thumbnailUrl":"https:\/\/www.vanner.pl\/pl\/wp-content\/uploads\/2026\/01\/Zmiany-w-umowach-zlecenie-i-o-prace-2026.webp","articleSection":["Rynek pracy i dokumenty"],"inLanguage":"pl-PL","potentialAction":[{"@type":"CommentAction","name":"Comment","target":["https:\/\/www.vanner.pl\/pl\/zmiany-w-umowach-zlecenia-i-o-prace\/#respond"]}]},{"@type":["WebPage","FAQPage"],"@id":"https:\/\/www.vanner.pl\/pl\/zmiany-w-umowach-zlecenia-i-o-prace\/","url":"https:\/\/www.vanner.pl\/pl\/zmiany-w-umowach-zlecenia-i-o-prace\/","name":"Zmiany w umowach zlecenia i o prac\u0119 2026! Zobacz, co si\u0119 zmieni","isPartOf":{"@id":"https:\/\/www.vanner.pl\/pl\/#website"},"primaryImageOfPage":{"@id":"https:\/\/www.vanner.pl\/pl\/zmiany-w-umowach-zlecenia-i-o-prace\/#primaryimage"},"image":{"@id":"https:\/\/www.vanner.pl\/pl\/zmiany-w-umowach-zlecenia-i-o-prace\/#primaryimage"},"thumbnailUrl":"https:\/\/www.vanner.pl\/pl\/wp-content\/uploads\/2026\/01\/Zmiany-w-umowach-zlecenie-i-o-prace-2026.webp","datePublished":"2026-01-26T07:34:23+00:00","dateModified":"2026-01-26T09:29:08+00:00","author":{"@id":"https:\/\/www.vanner.pl\/pl\/#\/schema\/person\/db06204d1e779717a2e2c8fd9b62550f"},"description":"Nadchodz\u0105 wa\u017cne zmiany w przepisach kadrowych. Sprawd\u017a nowe zasady zlece\u0144, wymiar urlopu oraz aktualne stawki. B\u0105d\u017a gotowy na nowe realia!","breadcrumb":{"@id":"https:\/\/www.vanner.pl\/pl\/zmiany-w-umowach-zlecenia-i-o-prace\/#breadcrumb"},"mainEntity":[{"@id":"https:\/\/www.vanner.pl\/pl\/zmiany-w-umowach-zlecenia-i-o-prace\/#faq-question-1768289316399"},{"@id":"https:\/\/www.vanner.pl\/pl\/zmiany-w-umowach-zlecenia-i-o-prace\/#faq-question-1768289333355"},{"@id":"https:\/\/www.vanner.pl\/pl\/zmiany-w-umowach-zlecenia-i-o-prace\/#faq-question-1768289345513"}],"inLanguage":"pl-PL","potentialAction":[{"@type":"ReadAction","target":["https:\/\/www.vanner.pl\/pl\/zmiany-w-umowach-zlecenia-i-o-prace\/"]}]},{"@type":"ImageObject","inLanguage":"pl-PL","@id":"https:\/\/www.vanner.pl\/pl\/zmiany-w-umowach-zlecenia-i-o-prace\/#primaryimage","url":"https:\/\/www.vanner.pl\/pl\/wp-content\/uploads\/2026\/01\/Zmiany-w-umowach-zlecenie-i-o-prace-2026.webp","contentUrl":"https:\/\/www.vanner.pl\/pl\/wp-content\/uploads\/2026\/01\/Zmiany-w-umowach-zlecenie-i-o-prace-2026.webp","width":1174,"height":758,"caption":"Osoba podpisuj\u0105ca dokument pi\u00f3rem wiecznym na drewnianym biurku, obok le\u017c\u0105 okulary i fili\u017canka kawy."},{"@type":"BreadcrumbList","@id":"https:\/\/www.vanner.pl\/pl\/zmiany-w-umowach-zlecenia-i-o-prace\/#breadcrumb","itemListElement":[{"@type":"ListItem","position":1,"name":"Strona g\u0142\u00f3wna","item":"https:\/\/www.vanner.pl\/pl\/"},{"@type":"ListItem","position":2,"name":"Zmiany w umowach zlecenia i o prac\u0119 2026: Poznaj nowe przepisy od stycznia!"}]},{"@type":"WebSite","@id":"https:\/\/www.vanner.pl\/pl\/#website","url":"https:\/\/www.vanner.pl\/pl\/","name":"Vanner | Agencja pracy tymczasowej","description":"Tw\u00f3j zaufany partner","potentialAction":[{"@type":"SearchAction","target":{"@type":"EntryPoint","urlTemplate":"https:\/\/www.vanner.pl\/pl\/?s={search_term_string}"},"query-input":{"@type":"PropertyValueSpecification","valueRequired":true,"valueName":"search_term_string"}}],"inLanguage":"pl-PL"},{"@type":"Person","@id":"https:\/\/www.vanner.pl\/pl\/#\/schema\/person\/db06204d1e779717a2e2c8fd9b62550f","name":"VanWorkNer","image":{"@type":"ImageObject","inLanguage":"pl-PL","@id":"https:\/\/secure.gravatar.com\/avatar\/bcc80b69b5feffb7b106885ff0102309046dd905a3f17e57e3fa75e2a376a46f?s=96&d=mm&r=g","url":"https:\/\/secure.gravatar.com\/avatar\/bcc80b69b5feffb7b106885ff0102309046dd905a3f17e57e3fa75e2a376a46f?s=96&d=mm&r=g","contentUrl":"https:\/\/secure.gravatar.com\/avatar\/bcc80b69b5feffb7b106885ff0102309046dd905a3f17e57e3fa75e2a376a46f?s=96&d=mm&r=g","caption":"VanWorkNer"},"url":"https:\/\/www.vanner.pl\/pl\/author\/vanworkner\/"},{"@type":"Question","@id":"https:\/\/www.vanner.pl\/pl\/zmiany-w-umowach-zlecenia-i-o-prace\/#faq-question-1768289316399","position":1,"url":"https:\/\/www.vanner.pl\/pl\/zmiany-w-umowach-zlecenia-i-o-prace\/#faq-question-1768289316399","name":"1. Jakie zmiany w umowach zlecenia i o prac\u0119 obowi\u0105zuj\u0105 od 2026 roku?\u00a0","answerCount":1,"acceptedAnswer":{"@type":"Answer","text":"Kluczowe modyfikacje obejmuj\u0105 przede wszystkim <strong>likwidacj\u0119 tzw. zbieg\u00f3w tytu\u0142\u00f3w do ubezpiecze\u0144<\/strong>, co oznacza obowi\u0105zek odprowadzania pe\u0142nych sk\u0142adek emerytalno-rentowych od ka\u017cdej umowy zlecenia, bez wzgl\u0119du na inne dochody zleceniobiorcy. Dodatkowo wprowadzane s\u0105 mechanizmy zaliczania okres\u00f3w pracy na ozusowanym zleceniu do og\u00f3lnego sta\u017cu pracy (wp\u0142ywaj\u0105cego np. na wymiar urlopu) oraz d\u0105\u017cenie do zagwarantowania zleceniobiorcom prawa do p\u0142atnego wypoczynku. Przepisy te maj\u0105 obowi\u0105zywa\u0107 od stycznia 2026 roku.<br\/>","inLanguage":"pl-PL"},"inLanguage":"pl-PL"},{"@type":"Question","@id":"https:\/\/www.vanner.pl\/pl\/zmiany-w-umowach-zlecenia-i-o-prace\/#faq-question-1768289333355","position":2,"url":"https:\/\/www.vanner.pl\/pl\/zmiany-w-umowach-zlecenia-i-o-prace\/#faq-question-1768289333355","name":"2. Gdzie znale\u017a\u0107 por\u00f3wnanie um\u00f3w zlecenia i o prac\u0119 po zmianach w 2026?\u00a0","answerCount":1,"acceptedAnswer":{"@type":"Answer","text":"Najbardziej rzetelne informacje oraz szczeg\u00f3\u0142owe zestawienia kosztowe, uwzgl\u0119dniaj\u0105ce nowe zasady osk\u0142adkowania, znajdziesz w naszych raportach na blogu Vanner. Jako agencja specjalizuj\u0105ca si\u0119 w outsourcingu i wynajmie pracownik\u00f3w, analizujemy realny wp\u0142yw <strong>pe\u0142nego ozusowania zlece\u0144<\/strong> na rentowno\u015b\u0107 przedsi\u0119biorstw. Je\u015bli potrzebujesz indywidualnej kalkulacji koszt\u00f3w pracy po likwidacji zbieg\u00f3w tytu\u0142\u00f3w, zapraszamy do kontaktu z naszymi doradcami.<br\/>","inLanguage":"pl-PL"},"inLanguage":"pl-PL"},{"@type":"Question","@id":"https:\/\/www.vanner.pl\/pl\/zmiany-w-umowach-zlecenia-i-o-prace\/#faq-question-1768289345513","position":3,"url":"https:\/\/www.vanner.pl\/pl\/zmiany-w-umowach-zlecenia-i-o-prace\/#faq-question-1768289345513","name":"3. Jakie s\u0105 korzy\u015bci dla pracodawcy wynikaj\u0105ce ze zmian w umowach o prac\u0119 i zlecenie w 2026?\u00a0","answerCount":1,"acceptedAnswer":{"@type":"Answer","text":"Cho\u0107 reforma eliminuje mo\u017cliwo\u015b\u0107 optymalizacji koszt\u00f3w poprzez zbiegi tytu\u0142\u00f3w, d\u0142ugofalowo przynosi firmom wi\u0119ksz\u0105 stabilno\u015b\u0107 kadrow\u0105. Ujednolicenie zasad sta\u017cu pracy i sk\u0142adek sprawia, \u017ce rynek staje si\u0119 bardziej przejrzysty, co u\u0142atwia uczciw\u0105 konkurencj\u0119 o talenty. Dodatkowo, przekazanie obs\u0142ugi tych skomplikowanych zmian firmie zewn\u0119trznej w ramach outsourcingu proces\u00f3w, daje pracodawcy gwarancj\u0119 bezpiecze\u0144stwa prawnego i poprawno\u015bci rozlicze\u0144 z ZUS.","inLanguage":"pl-PL"},"inLanguage":"pl-PL"}]}},"_links":{"self":[{"href":"https:\/\/www.vanner.pl\/pl\/wp-json\/wp\/v2\/posts\/994","targetHints":{"allow":["GET"]}}],"collection":[{"href":"https:\/\/www.vanner.pl\/pl\/wp-json\/wp\/v2\/posts"}],"about":[{"href":"https:\/\/www.vanner.pl\/pl\/wp-json\/wp\/v2\/types\/post"}],"author":[{"embeddable":true,"href":"https:\/\/www.vanner.pl\/pl\/wp-json\/wp\/v2\/users\/2"}],"replies":[{"embeddable":true,"href":"https:\/\/www.vanner.pl\/pl\/wp-json\/wp\/v2\/comments?post=994"}],"version-history":[{"count":1,"href":"https:\/\/www.vanner.pl\/pl\/wp-json\/wp\/v2\/posts\/994\/revisions"}],"predecessor-version":[{"id":995,"href":"https:\/\/www.vanner.pl\/pl\/wp-json\/wp\/v2\/posts\/994\/revisions\/995"}],"wp:featuredmedia":[{"embeddable":true,"href":"https:\/\/www.vanner.pl\/pl\/wp-json\/wp\/v2\/media\/963"}],"wp:attachment":[{"href":"https:\/\/www.vanner.pl\/pl\/wp-json\/wp\/v2\/media?parent=994"}],"wp:term":[{"taxonomy":"category","embeddable":true,"href":"https:\/\/www.vanner.pl\/pl\/wp-json\/wp\/v2\/categories?post=994"},{"taxonomy":"post_tag","embeddable":true,"href":"https:\/\/www.vanner.pl\/pl\/wp-json\/wp\/v2\/tags?post=994"}],"curies":[{"name":"wp","href":"https:\/\/api.w.org\/{rel}","templated":true}]}}